{"id":4684,"date":"2012-03-22T22:45:20","date_gmt":"2012-03-22T21:45:20","guid":{"rendered":"http:\/\/www.bernhard-fiedler.at\/weblog\/?p=4684"},"modified":"2012-03-22T22:45:20","modified_gmt":"2012-03-22T21:45:20","slug":"trocken-2","status":"publish","type":"post","link":"https:\/\/bernhard-fiedler.at\/weblog\/?p=4684","title":{"rendered":"Trocken"},"content":{"rendered":"<p style=\"text-align: center;\"><img loading=\"lazy\" decoding=\"async\" class=\"size-full wp-image-4683 aligncenter\" style=\"border: 0px;\" title=\"Trockenes Fr\u00fchjahr\" src=\"https:\/\/bernhard-fiedler.at\/weblog\/wp-content\/uploads\/2012\/03\/Trockenes-Fr\u00fchjahr-bearbeitet.jpg\" alt=\"Trockenes Fr\u00fchjahr\" width=\"508\" height=\"356\" srcset=\"https:\/\/bernhard-fiedler.at\/weblog\/wp-content\/uploads\/2012\/03\/Trockenes-Fr\u00fchjahr-bearbeitet.jpg 508w, https:\/\/bernhard-fiedler.at\/weblog\/wp-content\/uploads\/2012\/03\/Trockenes-Fr\u00fchjahr-bearbeitet-300x210.jpg 300w\" sizes=\"auto, (max-width: 508px) 100vw, 508px\" \/><\/p>\n<p>Bis auf den sehr kalten Februar war der heurige Winter relativ mild und vor allem sehr trocken. In Wirklichkeit hat es seit\u00a0<a href=\"https:\/\/bernhard-fiedler.at\/weblog\/?p=4124\">diesen<\/a> beiden Gewittern Anfang August 2011 keinen ernstzunehmenden gr\u00f6\u00dferen Niederschlag mehr gegeben, der\u00a0nicht binnen k\u00fcrzester Zeit wieder\u00a0verdunstet w\u00e4re.<\/p>\n<p>Den Reben ist das zwar im Moment noch egal, aber unsere Begr\u00fcnungspflanzen w\u00fcrden sich besonders angesichts\u00a0 der beinahe schon sommerlichen Temperaturen der letzten Tage \u00fcber einen ergiebigen Regen sehr freuen.<\/p>\n<p>Gut w\u00e4re es auch, wenn die Wasserspeicher in den tieferen Bodenschichten aufgef\u00fcllt w\u00e4ren, bevor die eigentliche Trockenzeit im Juli und August kommt.<\/p>\n","protected":false},"excerpt":{"rendered":"<p>Bis auf den sehr kalten Februar war der heurige Winter relativ mild und vor allem sehr trocken. In Wirklichkeit hat es seit\u00a0diesen beiden Gewittern Anfang August 2011 keinen ernstzunehmenden gr\u00f6\u00dferen Niederschlag mehr gegeben, der\u00a0nicht binnen k\u00fcrzester Zeit wieder\u00a0verdunstet w\u00e4re. Den Reben ist das zwar im Moment noch egal, aber unsere Begr\u00fcnungspflanzen w\u00fcrden sich besonders angesichts\u00a0 &#8230; <a title=\"Trocken\" class=\"read-more\" href=\"https:\/\/bernhard-fiedler.at\/weblog\/?p=4684\" aria-label=\"Mehr Informationen \u00fcber Trocken\">Weiterlesen<\/a><\/p>\n","protected":false},"author":2,"featured_media":0,"comment_status":"open","ping_status":"open","sticky":false,"template":"","format":"standard","meta":{"footnotes":""},"categories":[8],"tags":[],"class_list":["post-4684","post","type-post","status-publish","format-standard","hentry","category-das-wetter"],"_links":{"self":[{"href":"https:\/\/bernhard-fiedler.at\/weblog\/index.php?rest_route=\/wp\/v2\/posts\/4684","targetHints":{"allow":["GET"]}}],"collection":[{"href":"https:\/\/bernhard-fiedler.at\/weblog\/index.php?rest_route=\/wp\/v2\/posts"}],"about":[{"href":"https:\/\/bernhard-fiedler.at\/weblog\/index.php?rest_route=\/wp\/v2\/types\/post"}],"author":[{"embeddable":true,"href":"https:\/\/bernhard-fiedler.at\/weblog\/index.php?rest_route=\/wp\/v2\/users\/2"}],"replies":[{"embeddable":true,"href":"https:\/\/bernhard-fiedler.at\/weblog\/index.php?rest_route=%2Fwp%2Fv2%2Fcomments&post=4684"}],"version-history":[{"count":3,"href":"https:\/\/bernhard-fiedler.at\/weblog\/index.php?rest_route=\/wp\/v2\/posts\/4684\/revisions"}],"predecessor-version":[{"id":4687,"href":"https:\/\/bernhard-fiedler.at\/weblog\/index.php?rest_route=\/wp\/v2\/posts\/4684\/revisions\/4687"}],"wp:attachment":[{"href":"https:\/\/bernhard-fiedler.at\/weblog\/index.php?rest_route=%2Fwp%2Fv2%2Fmedia&parent=4684"}],"wp:term":[{"taxonomy":"category","embeddable":true,"href":"https:\/\/bernhard-fiedler.at\/weblog\/index.php?rest_route=%2Fwp%2Fv2%2Fcategories&post=4684"},{"taxonomy":"post_tag","embeddable":true,"href":"https:\/\/bernhard-fiedler.at\/weblog\/index.php?rest_route=%2Fwp%2Fv2%2Ftags&post=4684"}],"curies":[{"name":"wp","href":"https:\/\/api.w.org\/{rel}","templated":true}]}}