{"id":4647,"date":"2012-03-06T22:42:51","date_gmt":"2012-03-06T21:42:51","guid":{"rendered":"http:\/\/www.bernhard-fiedler.at\/weblog\/?p=4647"},"modified":"2012-03-06T22:44:12","modified_gmt":"2012-03-06T21:44:12","slug":"deutschland-und-osterreich","status":"publish","type":"post","link":"https:\/\/bernhard-fiedler.at\/weblog\/?p=4647","title":{"rendered":"Deutschland und \u00d6sterreich"},"content":{"rendered":"<p><strong>Gemeinsamkeiten und Unterschiede in Sachen Wein<\/strong><\/p>\n<p><img loading=\"lazy\" decoding=\"async\" class=\"size-full wp-image-4608 alignleft\" style=\"margin-left: 10px; margin-right: 10px; border: 0px;\" title=\"Vinocamp Deutschland\" src=\"https:\/\/bernhard-fiedler.at\/weblog\/wp-content\/uploads\/2012\/02\/Vinocamp-Deutschland.gif\" alt=\"Vinocamp Deutschland\" width=\"183\" height=\"96\" srcset=\"https:\/\/bernhard-fiedler.at\/weblog\/wp-content\/uploads\/2012\/02\/Vinocamp-Deutschland.gif 440w, https:\/\/bernhard-fiedler.at\/weblog\/wp-content\/uploads\/2012\/02\/Vinocamp-Deutschland-300x157.gif 300w\" sizes=\"auto, (max-width: 183px) 100vw, 183px\" \/><\/p>\n<p>Deutschland und \u00d6sterreich haben nicht nur, aber auch was den Wein betrifft vieles gemeinsam. Beide sind klassische Wei\u00dfweinl\u00e4nder mit einem kleinen, durchaus traditionellen Rotweinanteil, der in den letzten Jahren deutlich gestiegen ist.<\/p>\n<p>Beide werden sehr stark mit einer (allerdings nicht der gleichen) Rebsorte assoziiert, in beiden L\u00e4ndern \u00fcberwiegen regionaltypische Sorten abseits von Cabernet und Co. und manche davon findet man am Rhein ebenso wie an der Donau.<\/p>\n<p>Unter anderem deshalb gibt es auch gro\u00dfe \u00c4hnlichkeiten in vielen Bereichen der Vinifikation, und nachdem die Urfassung des \u00f6sterreichischen Weingesetzes vom deutschen abgeschrieben wurde, beschr\u00e4nken sich die Gemeinsamkeiten der Etiketten nicht nur auf die Sprache.<\/p>\n<p>Anders als z.B. in Frankreich, Italien und Spanien stellt das germanische Weinrecht die Reife der Trauben (in Form ihres Zuckergehaltes) als Qualit\u00e4tsmerkmal \u00fcber die Herkunft und beg\u00fcnstigt die Vielfalt und Bekanntheit der Rebsorten.<\/p>\n<p>Weil die Vielfalt dieses Bezeichnungssystems jedoch auch seine T\u00fccken hat, gibt es seit einigen Jahren in beiden L\u00e4ndern zahlreiche mehr oder weniger erfolgreiche private wie staatliche Verbesserungsversuche. W\u00e4hrend in Deutschland dieser Tage <a href=\"http:\/\/wuertz-wein.de\/wordpress\/2012\/01\/28\/viel-larm-um-nichts\/#more-4894\">hei\u00df \u00fcber die Gro\u00dfen Gew\u00e4chse des Verbandes der Pr\u00e4dikatsweing\u00fcter diskutiert wird<\/a>, feiert in \u00d6sterreich &#8211; bis heute nicht unumstritten &#8211; <a href=\"http:\/\/www.der-winzer.at\/?id=2500%2C5081279%2C%2C\">das DAC-System seinen zehnten Geburtstag<\/a>.<\/p>\n<p>Betrachtet man die Sache freilich etwas genauer, werden die Unterschiede zwischen den beiden Nachbarn nicht nur bei diesem Thema deutlich. Verschiedene Konsumgewohnheiten und Mentalit\u00e4ten, die in vielen Teilbereichen v\u00f6llig anders verlaufene Weinbaugeschichte und zahlreiche andere Faktoren machen den Vergleich spannender, als er vielleicht auf den ersten Blick scheint.<\/p>\n<p>Spannend genug, wie ich finde, f\u00fcr eine <a href=\"http:\/\/vinocamp-deutschland.mixxt.eu\/networks\/wiki\/index.Sessions2012\">Session<\/a>\u00a0beim <a href=\"http:\/\/vinocamp-deutschland.net\/\">Vinocamp Deutschland 2012<\/a>, das in 10 Tagen in Geisenheim stattfindet. Ich w\u00fcrde mich freuen, mit deutscher Co-Moderation und zahlreichen Campteilnehmern \u00fcber die Gemeinsamkeiten und Unterschiede zu diskutieren.<\/p>\n<p>Nicht, um Sieger und Besiegte zu bestimmen, sondern um Verbindendes und Trennendes klarer zu sehen und besser zu verstehen. Und vielleicht sogar ein wenig voneinander zu lernen.<\/p>\n","protected":false},"excerpt":{"rendered":"<p>Gemeinsamkeiten und Unterschiede in Sachen Wein Deutschland und \u00d6sterreich haben nicht nur, aber auch was den Wein betrifft vieles gemeinsam. Beide sind klassische Wei\u00dfweinl\u00e4nder mit einem kleinen, durchaus traditionellen Rotweinanteil, der in den letzten Jahren deutlich gestiegen ist. Beide werden sehr stark mit einer (allerdings nicht der gleichen) Rebsorte assoziiert, in beiden L\u00e4ndern \u00fcberwiegen regionaltypische &#8230; <a title=\"Deutschland und \u00d6sterreich\" class=\"read-more\" href=\"https:\/\/bernhard-fiedler.at\/weblog\/?p=4647\" aria-label=\"Mehr Informationen \u00fcber Deutschland und \u00d6sterreich\">Weiterlesen<\/a><\/p>\n","protected":false},"author":2,"featured_media":0,"comment_status":"open","ping_status":"open","sticky":false,"template":"","format":"standard","meta":{"footnotes":""},"categories":[1],"tags":[],"class_list":["post-4647","post","type-post","status-publish","format-standard","hentry","category-allgemein"],"_links":{"self":[{"href":"https:\/\/bernhard-fiedler.at\/weblog\/index.php?rest_route=\/wp\/v2\/posts\/4647","targetHints":{"allow":["GET"]}}],"collection":[{"href":"https:\/\/bernhard-fiedler.at\/weblog\/index.php?rest_route=\/wp\/v2\/posts"}],"about":[{"href":"https:\/\/bernhard-fiedler.at\/weblog\/index.php?rest_route=\/wp\/v2\/types\/post"}],"author":[{"embeddable":true,"href":"https:\/\/bernhard-fiedler.at\/weblog\/index.php?rest_route=\/wp\/v2\/users\/2"}],"replies":[{"embeddable":true,"href":"https:\/\/bernhard-fiedler.at\/weblog\/index.php?rest_route=%2Fwp%2Fv2%2Fcomments&post=4647"}],"version-history":[{"count":7,"href":"https:\/\/bernhard-fiedler.at\/weblog\/index.php?rest_route=\/wp\/v2\/posts\/4647\/revisions"}],"predecessor-version":[{"id":4653,"href":"https:\/\/bernhard-fiedler.at\/weblog\/index.php?rest_route=\/wp\/v2\/posts\/4647\/revisions\/4653"}],"wp:attachment":[{"href":"https:\/\/bernhard-fiedler.at\/weblog\/index.php?rest_route=%2Fwp%2Fv2%2Fmedia&parent=4647"}],"wp:term":[{"taxonomy":"category","embeddable":true,"href":"https:\/\/bernhard-fiedler.at\/weblog\/index.php?rest_route=%2Fwp%2Fv2%2Fcategories&post=4647"},{"taxonomy":"post_tag","embeddable":true,"href":"https:\/\/bernhard-fiedler.at\/weblog\/index.php?rest_route=%2Fwp%2Fv2%2Ftags&post=4647"}],"curies":[{"name":"wp","href":"https:\/\/api.w.org\/{rel}","templated":true}]}}