{"id":4632,"date":"2012-02-21T21:40:58","date_gmt":"2012-02-21T20:40:58","guid":{"rendered":"http:\/\/www.bernhard-fiedler.at\/weblog\/?p=4632"},"modified":"2012-02-21T21:40:58","modified_gmt":"2012-02-21T20:40:58","slug":"28-millionen-hektoliter-2","status":"publish","type":"post","link":"https:\/\/bernhard-fiedler.at\/weblog\/?p=4632","title":{"rendered":"2,8 Millionen Hektoliter"},"content":{"rendered":"<p style=\"text-align: center;\"><img loading=\"lazy\" decoding=\"async\" class=\"aligncenter size-full wp-image-2836\" style=\"border: 0px;\" title=\"Foto: \u00d6WM\/Griesch\" src=\"https:\/\/bernhard-fiedler.at\/weblog\/wp-content\/uploads\/2010\/06\/Flaschen-\u00d6WM-Griesch-bearbeitet.jpg\" alt=\"Foto: \u00d6WM\/Griesch\" width=\"508\" height=\"290\" srcset=\"https:\/\/bernhard-fiedler.at\/weblog\/wp-content\/uploads\/2010\/06\/Flaschen-\u00d6WM-Griesch-bearbeitet.jpg 508w, https:\/\/bernhard-fiedler.at\/weblog\/wp-content\/uploads\/2010\/06\/Flaschen-\u00d6WM-Griesch-bearbeitet-300x171.jpg 300w\" sizes=\"auto, (max-width: 508px) 100vw, 508px\" \/><\/p>\n<p>Wie die Zeitschrift &#8222;Der Winzer&#8220; <a href=\"http:\/\/www.der-winzer.at\/?id=2500%2C5077833%2C%2C\">hier<\/a> berichtet, ergab die Auswertung der Erntemeldungen des vergangenen Jahres eine Gesamtmenge von\u00a0 2,81 Millionen Hektoliter.<\/p>\n<p>Der Jahrgang 2011 liegt damit trotz Winter- und Sp\u00e4tfrostsch\u00e4den sowie einiger Hagelschl\u00e4ge deutlich \u00fcber <a href=\"http:\/\/www.oesterreichwein.at\/news-medien\/news-von-uns\/news\/news\/2011-das-jahr-der-belohnung-1183\/43\/\">der letzten Sch\u00e4tzung vom Oktober mit 2,45 Millionen<\/a> Hektoliter und etwa 19 Prozent \u00fcber <a href=\"http:\/\/www.statistik-austria.at\/web_de\/statistiken\/land_und_forstwirtschaft\/agrarstruktur_flaechen_ertraege\/wein\/index.html\">dem Durchschnitt der letzten sechs Jahre<\/a>.<\/p>\n<p>Grund daf\u00fcr ist einerseits wohl das passende Wetter w\u00e4hrend der Wachstumsperiode der Trauben, andererseits ganz sicher bei zahlreichen Weinbauern aber auch das Anstreben h\u00f6herer Ertr\u00e4ge (in Form entsprechender Weingartenbearbeitung), um die nach der sehr kleinen Ernte 2010 leerger\u00e4umten Keller wieder aufzuf\u00fcllen.<\/p>\n","protected":false},"excerpt":{"rendered":"<p>Wie die Zeitschrift &#8222;Der Winzer&#8220; hier berichtet, ergab die Auswertung der Erntemeldungen des vergangenen Jahres eine Gesamtmenge von\u00a0 2,81 Millionen Hektoliter. Der Jahrgang 2011 liegt damit trotz Winter- und Sp\u00e4tfrostsch\u00e4den sowie einiger Hagelschl\u00e4ge deutlich \u00fcber der letzten Sch\u00e4tzung vom Oktober mit 2,45 Millionen Hektoliter und etwa 19 Prozent \u00fcber dem Durchschnitt der letzten sechs Jahre. &#8230; <a title=\"2,8 Millionen Hektoliter\" class=\"read-more\" href=\"https:\/\/bernhard-fiedler.at\/weblog\/?p=4632\" aria-label=\"Mehr Informationen \u00fcber 2,8 Millionen Hektoliter\">Weiterlesen<\/a><\/p>\n","protected":false},"author":2,"featured_media":0,"comment_status":"open","ping_status":"open","sticky":false,"template":"","format":"standard","meta":{"footnotes":""},"categories":[5],"tags":[],"class_list":["post-4632","post","type-post","status-publish","format-standard","hentry","category-in-den-weinmedien"],"_links":{"self":[{"href":"https:\/\/bernhard-fiedler.at\/weblog\/index.php?rest_route=\/wp\/v2\/posts\/4632","targetHints":{"allow":["GET"]}}],"collection":[{"href":"https:\/\/bernhard-fiedler.at\/weblog\/index.php?rest_route=\/wp\/v2\/posts"}],"about":[{"href":"https:\/\/bernhard-fiedler.at\/weblog\/index.php?rest_route=\/wp\/v2\/types\/post"}],"author":[{"embeddable":true,"href":"https:\/\/bernhard-fiedler.at\/weblog\/index.php?rest_route=\/wp\/v2\/users\/2"}],"replies":[{"embeddable":true,"href":"https:\/\/bernhard-fiedler.at\/weblog\/index.php?rest_route=%2Fwp%2Fv2%2Fcomments&post=4632"}],"version-history":[{"count":2,"href":"https:\/\/bernhard-fiedler.at\/weblog\/index.php?rest_route=\/wp\/v2\/posts\/4632\/revisions"}],"predecessor-version":[{"id":4634,"href":"https:\/\/bernhard-fiedler.at\/weblog\/index.php?rest_route=\/wp\/v2\/posts\/4632\/revisions\/4634"}],"wp:attachment":[{"href":"https:\/\/bernhard-fiedler.at\/weblog\/index.php?rest_route=%2Fwp%2Fv2%2Fmedia&parent=4632"}],"wp:term":[{"taxonomy":"category","embeddable":true,"href":"https:\/\/bernhard-fiedler.at\/weblog\/index.php?rest_route=%2Fwp%2Fv2%2Fcategories&post=4632"},{"taxonomy":"post_tag","embeddable":true,"href":"https:\/\/bernhard-fiedler.at\/weblog\/index.php?rest_route=%2Fwp%2Fv2%2Ftags&post=4632"}],"curies":[{"name":"wp","href":"https:\/\/api.w.org\/{rel}","templated":true}]}}