{"id":460,"date":"2008-02-09T22:03:20","date_gmt":"2008-02-09T21:03:20","guid":{"rendered":"http:\/\/www.bernhard-fiedler.at\/weblog\/?p=460"},"modified":"2008-02-16T16:51:59","modified_gmt":"2008-02-16T15:51:59","slug":"blogs-und-journalismus","status":"publish","type":"post","link":"https:\/\/bernhard-fiedler.at\/weblog\/?p=460","title":{"rendered":"Blogs und Journalismus"},"content":{"rendered":"<p>Das Verh\u00e4ltnis zwischen Bloggern und Journalisten nicht immer das beste. Dabei m\u00fc\u00dfte dem gar nicht so sein, wie Wolf Hosbach von Hausmannskost 2.0 aus aktuellem Anla\u00df <a href=\"http:\/\/hausmannskost.wordpress.com\/2008\/02\/06\/bordeaux-krieg-weinblogger-vs-weinjournalisten\/\">hier<\/a> sehr sch\u00f6n beschreibt.<\/p>\n<p>Auch wenn mein &#8222;doppelter&#8220; Kollege Thomas Lippert schon <a href=\"http:\/\/winzerblog.de\/blogger-vs-journalisten-1016\/\">andere pers\u00f6nliche Erfahrungen<\/a> machen mu\u00dfte, kann ich mich als Blogger nicht \u00fcber die professionellen Journalisten beschweren. <!--more--><\/p>\n<p>Seit ich blogge&#8230;<\/p>\n<p>&#8230;wurde mir schon einmal von einer Journalistin ein Job als Kommentator in einer Weinbauzeitschrift angeboten (den ich abgelehnt habe).<\/p>\n<p>&#8230;wurde ich <a href=\"https:\/\/bernhard-fiedler.at\/weblog\/?p=137\">hier<\/a> von einem Print-Journalisten f\u00fcr einen Beitrag gelobt und um die Erlaubnis zum Abdruck ersucht (zu dem es aus verschiedenen Gr\u00fcnden nicht gekommen ist).<\/p>\n<p>&#8230;wurde ich von einem anderen Weinjournalisten wie <a href=\"https:\/\/bernhard-fiedler.at\/weblog\/?p=411\">hier<\/a> berichtet in den h\u00f6chsten T\u00f6nen gelobt.<\/p>\n<p>&#8230;wurde mir von zumindest zwei Journalisten eine Verlinkung zu meinem Blog angek\u00fcndigt (zu einer es leider bisher noch nicht gekommen ist) bzw. auch tats\u00e4chlich durchgef\u00fchrt.<\/p>\n<p>Dabei wildere ich als Blogger nat\u00fcrlich auch im Revier der Profi-Journalisten. Das haben mittlerweile offenbar auch manche PR-Agenturen bemerkt: <\/p>\n<p>Vor ein paar Tagen habe ich n\u00e4mlich als Blogger tats\u00e4chlich eine Einladung zu einer offiziellen Pressekonferenz (samt Buffet \ud83d\ude09 ) anl\u00e4\u00dflich einer neuen Weinmesse erhalten (der ich nicht nur urlaubsbedingt fernbleiben werde).<\/p>\n","protected":false},"excerpt":{"rendered":"<p>Das Verh\u00e4ltnis zwischen Bloggern und Journalisten nicht immer das beste. Dabei m\u00fc\u00dfte dem gar nicht so sein, wie Wolf Hosbach von Hausmannskost 2.0 aus aktuellem Anla\u00df hier sehr sch\u00f6n beschreibt. Auch wenn mein &#8222;doppelter&#8220; Kollege Thomas Lippert schon andere pers\u00f6nliche Erfahrungen machen mu\u00dfte, kann ich mich als Blogger nicht \u00fcber die professionellen Journalisten beschweren.<\/p>\n","protected":false},"author":2,"featured_media":0,"comment_status":"open","ping_status":"open","sticky":false,"template":"","format":"standard","meta":{"footnotes":""},"categories":[5],"tags":[],"class_list":["post-460","post","type-post","status-publish","format-standard","hentry","category-in-den-weinmedien"],"_links":{"self":[{"href":"https:\/\/bernhard-fiedler.at\/weblog\/index.php?rest_route=\/wp\/v2\/posts\/460","targetHints":{"allow":["GET"]}}],"collection":[{"href":"https:\/\/bernhard-fiedler.at\/weblog\/index.php?rest_route=\/wp\/v2\/posts"}],"about":[{"href":"https:\/\/bernhard-fiedler.at\/weblog\/index.php?rest_route=\/wp\/v2\/types\/post"}],"author":[{"embeddable":true,"href":"https:\/\/bernhard-fiedler.at\/weblog\/index.php?rest_route=\/wp\/v2\/users\/2"}],"replies":[{"embeddable":true,"href":"https:\/\/bernhard-fiedler.at\/weblog\/index.php?rest_route=%2Fwp%2Fv2%2Fcomments&post=460"}],"version-history":[{"count":0,"href":"https:\/\/bernhard-fiedler.at\/weblog\/index.php?rest_route=\/wp\/v2\/posts\/460\/revisions"}],"wp:attachment":[{"href":"https:\/\/bernhard-fiedler.at\/weblog\/index.php?rest_route=%2Fwp%2Fv2%2Fmedia&parent=460"}],"wp:term":[{"taxonomy":"category","embeddable":true,"href":"https:\/\/bernhard-fiedler.at\/weblog\/index.php?rest_route=%2Fwp%2Fv2%2Fcategories&post=460"},{"taxonomy":"post_tag","embeddable":true,"href":"https:\/\/bernhard-fiedler.at\/weblog\/index.php?rest_route=%2Fwp%2Fv2%2Ftags&post=460"}],"curies":[{"name":"wp","href":"https:\/\/api.w.org\/{rel}","templated":true}]}}