{"id":4593,"date":"2012-01-29T21:56:39","date_gmt":"2012-01-29T20:56:39","guid":{"rendered":"http:\/\/www.bernhard-fiedler.at\/weblog\/?p=4593"},"modified":"2012-01-29T21:56:39","modified_gmt":"2012-01-29T20:56:39","slug":"doch-noch-winter","status":"publish","type":"post","link":"https:\/\/bernhard-fiedler.at\/weblog\/?p=4593","title":{"rendered":"Doch noch Winter"},"content":{"rendered":"<p style=\"text-align: center;\"><img loading=\"lazy\" decoding=\"async\" class=\"aligncenter size-full wp-image-3425\" style=\"border: 0px;\" title=\"Raureif\" src=\"https:\/\/bernhard-fiedler.at\/weblog\/wp-content\/uploads\/2010\/12\/Raureif-bearbeitet.jpg\" alt=\"Raureif\" width=\"508\" height=\"322\" srcset=\"https:\/\/bernhard-fiedler.at\/weblog\/wp-content\/uploads\/2010\/12\/Raureif-bearbeitet.jpg 508w, https:\/\/bernhard-fiedler.at\/weblog\/wp-content\/uploads\/2010\/12\/Raureif-bearbeitet-300x190.jpg 300w\" sizes=\"auto, (max-width: 508px) 100vw, 508px\" \/><\/p>\n<p>Nach einem bisher deutlich zu milden Winter liegen die Nachttemperaturen bei uns jetzt seit einigen Tagen endlich unter dem Gefrierpunkt.<\/p>\n<p>Hoffentlich reicht das, um die Vegetation (und nat\u00fcrlich speziell unsere Reben) wieder in eine der Jahreszeit angemessene Stimmung zu bringen. Bl\u00fchende <a href=\"http:\/\/de.wikipedia.org\/wiki\/Palmk%C3%A4tzchen\">Palmk\u00e4tzchen<\/a>, dicke Bl\u00fctenknospen bei den <a href=\"https:\/\/bernhard-fiedler.at\/weblog\/?p=3740\">Mandelb\u00e4umen<\/a> und <a href=\"https:\/\/bernhard-fiedler.at\/weblog\/?p=4537\">beim F\u00e4llen<\/a> in Saft stehende Waldb\u00e4ume im\u00a0J\u00e4nner erinnerten n\u00e4mlich eher an den Fr\u00fchling.<\/p>\n<p>Wenn der Wetterbericht Recht beh\u00e4lt, k\u00f6nnte die Quecksilbers\u00e4ule in der kommenen Woche sogar unter -10\u00b0C sinken. Normalerweise w\u00e4re das kein Problem f\u00fcr unsere Reben, angesichts der heurigen Vorgeschichte sind jedoch Zweifel, ob sich die Weinst\u00f6cke tats\u00e4chlich in tiefster Winterruhe befinden durchaus angebracht.<\/p>\n<p>Was passiert, wenn etwas passiert, kann man in meiner Serie &#8222;Frost im Weingarten&#8220; aus dem Vorjahr nachlesen: <a href=\"https:\/\/bernhard-fiedler.at\/weblog\/?p=3482\">Teil 1<\/a>, <a href=\"https:\/\/bernhard-fiedler.at\/weblog\/?p=3494\">2<\/a> und <a href=\"https:\/\/bernhard-fiedler.at\/weblog\/?p=3546\">3<\/a>.<\/p>\n","protected":false},"excerpt":{"rendered":"<p>Nach einem bisher deutlich zu milden Winter liegen die Nachttemperaturen bei uns jetzt seit einigen Tagen endlich unter dem Gefrierpunkt. Hoffentlich reicht das, um die Vegetation (und nat\u00fcrlich speziell unsere Reben) wieder in eine der Jahreszeit angemessene Stimmung zu bringen. Bl\u00fchende Palmk\u00e4tzchen, dicke Bl\u00fctenknospen bei den Mandelb\u00e4umen und beim F\u00e4llen in Saft stehende Waldb\u00e4ume im\u00a0J\u00e4nner &#8230; <a title=\"Doch noch Winter\" class=\"read-more\" href=\"https:\/\/bernhard-fiedler.at\/weblog\/?p=4593\" aria-label=\"Mehr Informationen \u00fcber Doch noch Winter\">Weiterlesen<\/a><\/p>\n","protected":false},"author":2,"featured_media":0,"comment_status":"open","ping_status":"open","sticky":false,"template":"","format":"standard","meta":{"footnotes":""},"categories":[8],"tags":[],"class_list":["post-4593","post","type-post","status-publish","format-standard","hentry","category-das-wetter"],"_links":{"self":[{"href":"https:\/\/bernhard-fiedler.at\/weblog\/index.php?rest_route=\/wp\/v2\/posts\/4593","targetHints":{"allow":["GET"]}}],"collection":[{"href":"https:\/\/bernhard-fiedler.at\/weblog\/index.php?rest_route=\/wp\/v2\/posts"}],"about":[{"href":"https:\/\/bernhard-fiedler.at\/weblog\/index.php?rest_route=\/wp\/v2\/types\/post"}],"author":[{"embeddable":true,"href":"https:\/\/bernhard-fiedler.at\/weblog\/index.php?rest_route=\/wp\/v2\/users\/2"}],"replies":[{"embeddable":true,"href":"https:\/\/bernhard-fiedler.at\/weblog\/index.php?rest_route=%2Fwp%2Fv2%2Fcomments&post=4593"}],"version-history":[{"count":2,"href":"https:\/\/bernhard-fiedler.at\/weblog\/index.php?rest_route=\/wp\/v2\/posts\/4593\/revisions"}],"predecessor-version":[{"id":4595,"href":"https:\/\/bernhard-fiedler.at\/weblog\/index.php?rest_route=\/wp\/v2\/posts\/4593\/revisions\/4595"}],"wp:attachment":[{"href":"https:\/\/bernhard-fiedler.at\/weblog\/index.php?rest_route=%2Fwp%2Fv2%2Fmedia&parent=4593"}],"wp:term":[{"taxonomy":"category","embeddable":true,"href":"https:\/\/bernhard-fiedler.at\/weblog\/index.php?rest_route=%2Fwp%2Fv2%2Fcategories&post=4593"},{"taxonomy":"post_tag","embeddable":true,"href":"https:\/\/bernhard-fiedler.at\/weblog\/index.php?rest_route=%2Fwp%2Fv2%2Ftags&post=4593"}],"curies":[{"name":"wp","href":"https:\/\/api.w.org\/{rel}","templated":true}]}}