{"id":4565,"date":"2012-01-12T21:21:47","date_gmt":"2012-01-12T20:21:47","guid":{"rendered":"http:\/\/www.bernhard-fiedler.at\/weblog\/?p=4565"},"modified":"2012-01-12T21:21:47","modified_gmt":"2012-01-12T20:21:47","slug":"neusiedlersee-dac","status":"publish","type":"post","link":"https:\/\/bernhard-fiedler.at\/weblog\/?p=4565","title":{"rendered":"Neusiedlersee DAC"},"content":{"rendered":"<p style=\"text-align: center;\"><img loading=\"lazy\" decoding=\"async\" class=\"aligncenter size-full wp-image-3476\" style=\"border: 0px;\" title=\"Foto: Wein Burgenland\/Lukan\" src=\"https:\/\/bernhard-fiedler.at\/weblog\/wp-content\/uploads\/2011\/01\/Winterstimmung-Lukan-komprimiert.jpg\" alt=\"Foto: Wein Burgenland\/Lukan\" width=\"508\" height=\"355\" srcset=\"https:\/\/bernhard-fiedler.at\/weblog\/wp-content\/uploads\/2011\/01\/Winterstimmung-Lukan-komprimiert.jpg 508w, https:\/\/bernhard-fiedler.at\/weblog\/wp-content\/uploads\/2011\/01\/Winterstimmung-Lukan-komprimiert-300x209.jpg 300w\" sizes=\"auto, (max-width: 508px) 100vw, 508px\" \/><\/p>\n<p>Hinter den Kulissen ist ja schon l\u00e4nger bekannt, dass die zust\u00e4ndigen Gremien und einige Weinbauernkollegen vor Ort eifrig an einem Herkunftsweinkonzept f\u00fcr das gr\u00f6\u00dfte der vier burgenl\u00e4ndischen Weinbaugebiete basteln.<\/p>\n<p>Sp\u00e4testens mit <a href=\"http:\/\/kurier.at\/nachrichten\/burgenland\/4480767-dac-neusiedler-see-kommt.php\">diesem<\/a> Artikel im Kurier ist es jetzt aber auch offiziell, und wie es scheint ist man optimistisch, schon heuer entsprechende Weine auf den Markt bringen zu k\u00f6nnen.<\/p>\n<p>Mit ewas Feinarbeit sollte es damit mittelfristig auch m\u00f6glich sein, die Herkunft der burgenl\u00e4ndischenWeine klarer zu kommunizieren:<\/p>\n<p>Sorten- und Stilvielfalt unter dem Etikett &#8222;Burgenland&#8220;, besonders regionaltypische, klar definiererte Herkunftsweine unter dem DAC-Label Leithaberg, Eisenberg, Mittelburgenland und (neu) Neusiedlersee.<\/p>\n","protected":false},"excerpt":{"rendered":"<p>Hinter den Kulissen ist ja schon l\u00e4nger bekannt, dass die zust\u00e4ndigen Gremien und einige Weinbauernkollegen vor Ort eifrig an einem Herkunftsweinkonzept f\u00fcr das gr\u00f6\u00dfte der vier burgenl\u00e4ndischen Weinbaugebiete basteln. Sp\u00e4testens mit diesem Artikel im Kurier ist es jetzt aber auch offiziell, und wie es scheint ist man optimistisch, schon heuer entsprechende Weine auf den Markt &#8230; <a title=\"Neusiedlersee DAC\" class=\"read-more\" href=\"https:\/\/bernhard-fiedler.at\/weblog\/?p=4565\" aria-label=\"Mehr Informationen \u00fcber Neusiedlersee DAC\">Weiterlesen<\/a><\/p>\n","protected":false},"author":2,"featured_media":0,"comment_status":"open","ping_status":"open","sticky":false,"template":"","format":"standard","meta":{"footnotes":""},"categories":[5],"tags":[],"class_list":["post-4565","post","type-post","status-publish","format-standard","hentry","category-in-den-weinmedien"],"_links":{"self":[{"href":"https:\/\/bernhard-fiedler.at\/weblog\/index.php?rest_route=\/wp\/v2\/posts\/4565","targetHints":{"allow":["GET"]}}],"collection":[{"href":"https:\/\/bernhard-fiedler.at\/weblog\/index.php?rest_route=\/wp\/v2\/posts"}],"about":[{"href":"https:\/\/bernhard-fiedler.at\/weblog\/index.php?rest_route=\/wp\/v2\/types\/post"}],"author":[{"embeddable":true,"href":"https:\/\/bernhard-fiedler.at\/weblog\/index.php?rest_route=\/wp\/v2\/users\/2"}],"replies":[{"embeddable":true,"href":"https:\/\/bernhard-fiedler.at\/weblog\/index.php?rest_route=%2Fwp%2Fv2%2Fcomments&post=4565"}],"version-history":[{"count":2,"href":"https:\/\/bernhard-fiedler.at\/weblog\/index.php?rest_route=\/wp\/v2\/posts\/4565\/revisions"}],"predecessor-version":[{"id":4567,"href":"https:\/\/bernhard-fiedler.at\/weblog\/index.php?rest_route=\/wp\/v2\/posts\/4565\/revisions\/4567"}],"wp:attachment":[{"href":"https:\/\/bernhard-fiedler.at\/weblog\/index.php?rest_route=%2Fwp%2Fv2%2Fmedia&parent=4565"}],"wp:term":[{"taxonomy":"category","embeddable":true,"href":"https:\/\/bernhard-fiedler.at\/weblog\/index.php?rest_route=%2Fwp%2Fv2%2Fcategories&post=4565"},{"taxonomy":"post_tag","embeddable":true,"href":"https:\/\/bernhard-fiedler.at\/weblog\/index.php?rest_route=%2Fwp%2Fv2%2Ftags&post=4565"}],"curies":[{"name":"wp","href":"https:\/\/api.w.org\/{rel}","templated":true}]}}