{"id":4436,"date":"2011-11-24T23:47:41","date_gmt":"2011-11-24T22:47:41","guid":{"rendered":"http:\/\/www.bernhard-fiedler.at\/weblog\/?p=4436"},"modified":"2011-11-24T23:47:41","modified_gmt":"2011-11-24T22:47:41","slug":"aus-dem-archiv-gestoppt","status":"publish","type":"post","link":"https:\/\/bernhard-fiedler.at\/weblog\/?p=4436","title":{"rendered":"Aus dem Archiv: Gestoppt"},"content":{"rendered":"<p style=\"text-align: center;\"><img decoding=\"async\" class=\"aligncenter size-full wp-image-1945\" style=\"border: 0px;\" title=\"Vorher - Nachher\" src=\"https:\/\/bernhard-fiedler.at\/weblog\/wp-content\/uploads\/2009\/10\/Romicon2.jpg\" alt=\"Vorher - Nachher\" \/><\/p>\n<p>Da wir im Moment sehr viel zu tun haben, komme ich seit einigen Wochen kaum zum Bloggen. Eine Teilmenge des Muskat Ottonel will auf die baldige Abf\u00fcllung vorbereitet, das Verkaufslager mit den etikettierten Flaschen\u00a0dringend aufmagaziniert, ein gro\u00dfes Projekt f\u00fcr 2012 gr\u00fcndlich geplant, die morgige Pr\u00e4sentations- und Liefertour in den Westen organisiert und einige ehrenamtliche Vereinst\u00e4tigkeiten erledigt werden.<\/p>\n<p>Der Gro\u00dfteil unserer <a href=\"https:\/\/bernhard-fiedler.at\/weblog\/?p=4284\">Vogelschutznetze<\/a> wartet auch noch darauf, abgenommen und eingepackt zu werden. Seit dem <a href=\"https:\/\/bernhard-fiedler.at\/weblog\/?p=4400\">Leseende<\/a> vor knapp drei Wochen war es wegen des Dauernebels fast immer zu na\u00df daf\u00fcr.<\/p>\n<p>W\u00e4hrenddessen n\u00e4hert sich die damals geerntete Auslese langsam aber sicher dem idealen Gleichgewicht zwischen Alkoholgehalt und Restzucker, nachdem ihre G\u00e4rung vor einer Woche richtig <a href=\"https:\/\/bernhard-fiedler.at\/weblog\/?p=4432\">in Schwung<\/a> gekommen ist. Wie bei ihrer Vorg\u00e4ngerin im Jahr 2009 geht es jetzt darum, den richtigen Zeitpunkt f\u00fcr das Abstoppen der G\u00e4rung zu finden.<\/p>\n<p>Wie das bei uns vor sich geht, kann man in <a href=\"https:\/\/bernhard-fiedler.at\/weblog\/?p=1944\">diesem<\/a> Beitrag vom Oktober 2009 nachlesen.<\/p>\n","protected":false},"excerpt":{"rendered":"<p>Da wir im Moment sehr viel zu tun haben, komme ich seit einigen Wochen kaum zum Bloggen. Eine Teilmenge des Muskat Ottonel will auf die baldige Abf\u00fcllung vorbereitet, das Verkaufslager mit den etikettierten Flaschen\u00a0dringend aufmagaziniert, ein gro\u00dfes Projekt f\u00fcr 2012 gr\u00fcndlich geplant, die morgige Pr\u00e4sentations- und Liefertour in den Westen organisiert und einige ehrenamtliche Vereinst\u00e4tigkeiten &#8230; <a title=\"Aus dem Archiv: Gestoppt\" class=\"read-more\" href=\"https:\/\/bernhard-fiedler.at\/weblog\/?p=4436\" aria-label=\"Mehr Informationen \u00fcber Aus dem Archiv: Gestoppt\">Weiterlesen<\/a><\/p>\n","protected":false},"author":2,"featured_media":0,"comment_status":"open","ping_status":"open","sticky":false,"template":"","format":"standard","meta":{"footnotes":""},"categories":[4],"tags":[],"class_list":["post-4436","post","type-post","status-publish","format-standard","hentry","category-im-keller"],"_links":{"self":[{"href":"https:\/\/bernhard-fiedler.at\/weblog\/index.php?rest_route=\/wp\/v2\/posts\/4436","targetHints":{"allow":["GET"]}}],"collection":[{"href":"https:\/\/bernhard-fiedler.at\/weblog\/index.php?rest_route=\/wp\/v2\/posts"}],"about":[{"href":"https:\/\/bernhard-fiedler.at\/weblog\/index.php?rest_route=\/wp\/v2\/types\/post"}],"author":[{"embeddable":true,"href":"https:\/\/bernhard-fiedler.at\/weblog\/index.php?rest_route=\/wp\/v2\/users\/2"}],"replies":[{"embeddable":true,"href":"https:\/\/bernhard-fiedler.at\/weblog\/index.php?rest_route=%2Fwp%2Fv2%2Fcomments&post=4436"}],"version-history":[{"count":1,"href":"https:\/\/bernhard-fiedler.at\/weblog\/index.php?rest_route=\/wp\/v2\/posts\/4436\/revisions"}],"predecessor-version":[{"id":4437,"href":"https:\/\/bernhard-fiedler.at\/weblog\/index.php?rest_route=\/wp\/v2\/posts\/4436\/revisions\/4437"}],"wp:attachment":[{"href":"https:\/\/bernhard-fiedler.at\/weblog\/index.php?rest_route=%2Fwp%2Fv2%2Fmedia&parent=4436"}],"wp:term":[{"taxonomy":"category","embeddable":true,"href":"https:\/\/bernhard-fiedler.at\/weblog\/index.php?rest_route=%2Fwp%2Fv2%2Fcategories&post=4436"},{"taxonomy":"post_tag","embeddable":true,"href":"https:\/\/bernhard-fiedler.at\/weblog\/index.php?rest_route=%2Fwp%2Fv2%2Ftags&post=4436"}],"curies":[{"name":"wp","href":"https:\/\/api.w.org\/{rel}","templated":true}]}}