{"id":443,"date":"2008-01-29T08:15:19","date_gmt":"2008-01-29T07:15:19","guid":{"rendered":"http:\/\/www.bernhard-fiedler.at\/weblog\/?p=443"},"modified":"2008-01-29T08:17:45","modified_gmt":"2008-01-29T07:17:45","slug":"winterzeit-ist-weiterbildungszeit-3","status":"publish","type":"post","link":"https:\/\/bernhard-fiedler.at\/weblog\/?p=443","title":{"rendered":"Winterzeit ist Weiterbildungszeit (3)"},"content":{"rendered":"<p>Neben der <a href=\"https:\/\/bernhard-fiedler.at\/weblog\/?p=428\">nationalen<\/a> und <a href=\"https:\/\/bernhard-fiedler.at\/weblog\/?p=430\">internationalen<\/a> Ebene spielt sich die Weiterbildung der Weinbauernschaft nat\u00fcrlich auch auf regionaler Ebene ab.<\/p>\n<p>Bei den Weinbautagen f\u00fcr die einzelnen Bezirke und (als eigene Veranstaltung) f\u00fcr das gesamte Burgenland, die von der <a href=\"http:\/\/www.lk-bgld.at\/\">Landwirtschaftskammer<\/a> veranstaltet werden, besch\u00e4ftigt man sich vor allem mit praktischen Problemen:<\/p>\n<p>Auf der Tagesordnung stehen z.B. Untersuchungen \u00fcber die <a href=\"https:\/\/bernhard-fiedler.at\/weblog\/?p=302\">Traubenwelke<\/a>, neue, leider wenig erfolgreiche Ans\u00e4tze zur <a href=\"https:\/\/bernhard-fiedler.at\/weblog\/?p=302\">Bek\u00e4mpfung der Stare<\/a>, die Auswirkungen der neuen <a href=\"https:\/\/bernhard-fiedler.at\/weblog\/?p=412\">Weinmarktordnung<\/a> auf die Praxis und aktuelle Fragen in der Weinbereitung.<\/p>\n<p>Der Erkenntnisgewinn h\u00e4lt sich dabei f\u00fcr gut informierte Weinbauern zumeist in sehr engen Grenzen, aber wenn man selbst in dem einen oder anderen Gremium ehrenamtlich t\u00e4tig ist, sollte man sich dort trotzdem sehen lassen.<\/p>\n<p>Siehe in diesem Zusammenhang auch die Beitr\u00e4ge &#8222;Vereinsmeierei&#8220; Teil <a href=\"https:\/\/bernhard-fiedler.at\/weblog\/?p=155\">1<\/a>, <a href=\"https:\/\/bernhard-fiedler.at\/weblog\/?p=156\">2<\/a>, <a href=\"https:\/\/bernhard-fiedler.at\/weblog\/?p=158\">3<\/a>, <a href=\"https:\/\/bernhard-fiedler.at\/weblog\/?p=163\">4<\/a> und <a href=\"https:\/\/bernhard-fiedler.at\/weblog\/?p=175\">5<\/a>.<\/p>\n","protected":false},"excerpt":{"rendered":"<p>Neben der nationalen und internationalen Ebene spielt sich die Weiterbildung der Weinbauernschaft nat\u00fcrlich auch auf regionaler Ebene ab. Bei den Weinbautagen f\u00fcr die einzelnen Bezirke und (als eigene Veranstaltung) f\u00fcr das gesamte Burgenland, die von der Landwirtschaftskammer veranstaltet werden, besch\u00e4ftigt man sich vor allem mit praktischen Problemen: Auf der Tagesordnung stehen z.B. Untersuchungen \u00fcber die &#8230; <a title=\"Winterzeit ist Weiterbildungszeit (3)\" class=\"read-more\" href=\"https:\/\/bernhard-fiedler.at\/weblog\/?p=443\" aria-label=\"Mehr Informationen \u00fcber Winterzeit ist Weiterbildungszeit (3)\">Weiterlesen<\/a><\/p>\n","protected":false},"author":2,"featured_media":0,"comment_status":"open","ping_status":"open","sticky":false,"template":"","format":"standard","meta":{"footnotes":""},"categories":[9],"tags":[],"class_list":["post-443","post","type-post","status-publish","format-standard","hentry","category-sonstige-weinberichte"],"_links":{"self":[{"href":"https:\/\/bernhard-fiedler.at\/weblog\/index.php?rest_route=\/wp\/v2\/posts\/443","targetHints":{"allow":["GET"]}}],"collection":[{"href":"https:\/\/bernhard-fiedler.at\/weblog\/index.php?rest_route=\/wp\/v2\/posts"}],"about":[{"href":"https:\/\/bernhard-fiedler.at\/weblog\/index.php?rest_route=\/wp\/v2\/types\/post"}],"author":[{"embeddable":true,"href":"https:\/\/bernhard-fiedler.at\/weblog\/index.php?rest_route=\/wp\/v2\/users\/2"}],"replies":[{"embeddable":true,"href":"https:\/\/bernhard-fiedler.at\/weblog\/index.php?rest_route=%2Fwp%2Fv2%2Fcomments&post=443"}],"version-history":[{"count":0,"href":"https:\/\/bernhard-fiedler.at\/weblog\/index.php?rest_route=\/wp\/v2\/posts\/443\/revisions"}],"wp:attachment":[{"href":"https:\/\/bernhard-fiedler.at\/weblog\/index.php?rest_route=%2Fwp%2Fv2%2Fmedia&parent=443"}],"wp:term":[{"taxonomy":"category","embeddable":true,"href":"https:\/\/bernhard-fiedler.at\/weblog\/index.php?rest_route=%2Fwp%2Fv2%2Fcategories&post=443"},{"taxonomy":"post_tag","embeddable":true,"href":"https:\/\/bernhard-fiedler.at\/weblog\/index.php?rest_route=%2Fwp%2Fv2%2Ftags&post=443"}],"curies":[{"name":"wp","href":"https:\/\/api.w.org\/{rel}","templated":true}]}}