{"id":4294,"date":"2011-10-04T20:37:35","date_gmt":"2011-10-04T19:37:35","guid":{"rendered":"http:\/\/www.bernhard-fiedler.at\/weblog\/?p=4294"},"modified":"2011-10-04T20:39:12","modified_gmt":"2011-10-04T19:39:12","slug":"erwachsen","status":"publish","type":"post","link":"https:\/\/bernhard-fiedler.at\/weblog\/?p=4294","title":{"rendered":"Erwachsen"},"content":{"rendered":"<p style=\"text-align: center;\"><img loading=\"lazy\" decoding=\"async\" class=\"aligncenter size-full wp-image-4302\" style=\"border: 0px;\" title=\"Chardonnay-Trauben\" src=\"https:\/\/bernhard-fiedler.at\/weblog\/wp-content\/uploads\/2011\/10\/Chardonnay-Trauben-bearbeitet.jpg\" alt=\"Chardonnay-Trauben\" width=\"508\" height=\"261\" srcset=\"https:\/\/bernhard-fiedler.at\/weblog\/wp-content\/uploads\/2011\/10\/Chardonnay-Trauben-bearbeitet.jpg 508w, https:\/\/bernhard-fiedler.at\/weblog\/wp-content\/uploads\/2011\/10\/Chardonnay-Trauben-bearbeitet-300x154.jpg 300w\" sizes=\"auto, (max-width: 508px) 100vw, 508px\" \/><\/p>\n<p>Mit der ersten Ernte reiht sich unsere Junganlage am Goldberg in die Ertragsweing\u00e4rten ein und die Serie &#8222;Ein Weingarten entsteht&#8220; findet ihr Ende.<\/p>\n<p>Zur Erinnerung hier noch einmal die letzten drei Jahre im Schnelldurchlauf:<\/p>\n<p><!--more--><\/p>\n<p><img loading=\"lazy\" decoding=\"async\" style=\"border: 0px;\" src=\"https:\/\/bernhard-fiedler.at\/weblog\/wp-content\/uploads\/2008\/11\/junganlage-goldberg-3-komprimiert.jpg\" alt=\"Parzelle am M\u00f6rbischer Goldberg\" width=\"508\" height=\"354\" \/><\/p>\n<p>Wie jeder Weingarten hat auch unsere Parzelle am Goldberg eine <a href=\"https:\/\/bernhard-fiedler.at\/weblog\/?p=714\">Vorgeschichte<\/a>. Nicht immer allerdings ist die so kompliziert, wie in diesem Fall.<\/p>\n<p>\u00a0<img loading=\"lazy\" decoding=\"async\" style=\"border: 0px;\" src=\"https:\/\/bernhard-fiedler.at\/weblog\/wp-content\/uploads\/2008\/11\/bagger-goldberg-3.jpg\" alt=\"Schweres Ger\u00e4t gegen die Erosion\" width=\"508\" height=\"384\" \/><\/p>\n<p>Nach der <a href=\"https:\/\/bernhard-fiedler.at\/weblog\/?p=727\">Rodung<\/a> des auf einer Teilfl\u00e4che bestehenden Weingartens und dem <a href=\"https:\/\/bernhard-fiedler.at\/weblog\/?p=725\">Umbruch der Begr\u00fcnung<\/a>\u00a0setzten wir Ende November 2008 <a href=\"https:\/\/bernhard-fiedler.at\/weblog\/?p=733\">schweres Ger\u00e4t gegen die Erosion<\/a> ein.<\/p>\n<p style=\"text-align: center;\"><img loading=\"lazy\" decoding=\"async\" class=\"aligncenter\" style=\"border: 0px;\" src=\"https:\/\/bernhard-fiedler.at\/weblog\/wp-content\/uploads\/2009\/04\/saatbeetkombi2-komprimiert.jpg\" alt=\"Die letzte Bodenvorbereitung vor der Pflanzung\" width=\"508\" height=\"382\" \/><\/p>\n<p>Mehrere Arbeitsg\u00e4nge sp\u00e4ter erfolgte im Fr\u00fchjahr 2009 der <a href=\"https:\/\/bernhard-fiedler.at\/weblog\/?p=1212\">Feinschliff<\/a> bei den Bodenvorbereitungen.<\/p>\n<p><img decoding=\"async\" class=\"aligncenter size-full wp-image-1266\" style=\"border: 0px;\" title=\"Ausstecken eines neuen Weingartens\" src=\"https:\/\/bernhard-fiedler.at\/weblog\/wp-content\/uploads\/2009\/04\/ausstecken3-komprimiert.jpg\" alt=\"Ausstecken eines neuen Weingartens\" \/><\/p>\n<p>Mittels <a href=\"https:\/\/bernhard-fiedler.at\/weblog\/?p=1267\">angewandter Geometrie f\u00fcr Fortgeschrittene<\/a> haben wir bald darauf die Reihen ausgemessen, damit die Pflanzmaschinen-<a href=\"https:\/\/bernhard-fiedler.at\/weblog\/?p=1277\">Hightech f\u00fcr gerade Reihen<\/a> sorgen kann.<\/p>\n<p style=\"text-align: center;\"><img decoding=\"async\" class=\"aligncenter size-full wp-image-1289\" style=\"border: 0px;\" title=\"Frisch gepflanzte Jungrebe\" src=\"https:\/\/bernhard-fiedler.at\/weblog\/wp-content\/uploads\/2009\/04\/pflanzung9-komprimiert.jpg\" alt=\"Frisch gepflanzte Jungrebe\" \/><\/p>\n<p>Am 23. April 2009 war es dann soweit, und einen Tag darauf konnte ich froh vermelden: &#8222;<a href=\"https:\/\/bernhard-fiedler.at\/weblog\/?p=1290\">Sie wachsen schon!<\/a>&#8220;<\/p>\n<p><img decoding=\"async\" class=\"aligncenter size-full wp-image-1319\" style=\"border: 0px;\" title=\"Der Drahtrahmen ist fertig\" src=\"https:\/\/bernhard-fiedler.at\/weblog\/wp-content\/uploads\/2009\/05\/drahtrahmen3-komprimiert.jpg\" alt=\"Der Drahtrahmen ist fertig\" \/><\/p>\n<p>Nur knapp zwei Wochen sp\u00e4ter hatten wir auch schon das komplette Unterst\u00fctzungsger\u00fcst errichtet und dabei unter anderem rund <a href=\"https:\/\/bernhard-fiedler.at\/weblog\/?p=1318\">26 Kilometer<\/a> Draht gespannt.<\/p>\n<p style=\"text-align: center;\"><img decoding=\"async\" class=\"aligncenter size-full wp-image-1372\" style=\"border: 0px;\" title=\"F\u00fcnf Wochen nach der Pflanzung\" src=\"https:\/\/bernhard-fiedler.at\/weblog\/wp-content\/uploads\/2009\/05\/jungrebe5-komprimiert.jpg\" alt=\"F\u00fcnf Wochen nach der Pflanzung\" \/><\/p>\n<p><a href=\"https:\/\/bernhard-fiedler.at\/weblog\/?p=1371\">F\u00fcnf Wochen sp\u00e4ter<\/a>\u00a0waren die sch\u00f6nsten Reben schon knapp 20 Zentimeter lang.<\/p>\n<p>\u00a0<\/p>\n<p style=\"text-align: center;\"><img decoding=\"async\" class=\"aligncenter size-full wp-image-1560\" style=\"border: 0px;\" title=\"Sauber in Reih und Glied\" src=\"https:\/\/bernhard-fiedler.at\/weblog\/wp-content\/uploads\/2009\/07\/junganlage-18-7-09-3-komprimiert.jpg\" alt=\"junganlage-18-7-09-3-komprimiert\" \/><\/p>\n<p>Und nach entsprechenden Pflegema\u00dfnahmen standen Ende Juli alle Reben <a href=\"https:\/\/bernhard-fiedler.at\/weblog\/?p=1558\">sauber in Reih und Glied<\/a>.<\/p>\n<p style=\"text-align: center;\"><img decoding=\"async\" class=\"aligncenter size-full wp-image-1829\" style=\"border: 0px;\" title=\"Junganlage am Goldberg Anfang September 2009\" src=\"https:\/\/bernhard-fiedler.at\/weblog\/wp-content\/uploads\/2009\/09\/8-Sept-09-4-komprimiert.jpg\" alt=\"Junganlage am Goldberg Anfang September 2009\" \/><\/p>\n<p>\u00a0<a href=\"https:\/\/bernhard-fiedler.at\/weblog\/?p=1828\">Ein gutes erstes Jahr<\/a> also.<\/p>\n<p style=\"text-align: center;\"><img loading=\"lazy\" decoding=\"async\" class=\"aligncenter size-full wp-image-2612\" style=\"border: 0px;\" title=\"R\u00fcckschnitt auf zwei Augen\" src=\"https:\/\/bernhard-fiedler.at\/weblog\/wp-content\/uploads\/2010\/04\/Jungrebe-geschnitten-bearbeitet.jpg\" alt=\"R\u00fcckschnitt auf zwei Augen\" width=\"508\" height=\"272\" srcset=\"https:\/\/bernhard-fiedler.at\/weblog\/wp-content\/uploads\/2010\/04\/Jungrebe-geschnitten-bearbeitet.jpg 508w, https:\/\/bernhard-fiedler.at\/weblog\/wp-content\/uploads\/2010\/04\/Jungrebe-geschnitten-bearbeitet-300x160.jpg 300w\" sizes=\"auto, (max-width: 508px) 100vw, 508px\" \/><\/p>\n<p>Mit dem Rebschnitt im April 2009 ging es <a href=\"https:\/\/bernhard-fiedler.at\/weblog\/?p=2611\">auf ins zweite Jahr<\/a>, wobei wir bei vielen St\u00f6cke wegen des guten Wachstums bereits einen Stamm formieren konnten.<\/p>\n<p style=\"text-align: center;\"><img loading=\"lazy\" decoding=\"async\" class=\"aligncenter size-full wp-image-2710\" style=\"border: 0px;\" title=\"...und im ersten Stock\" src=\"https:\/\/bernhard-fiedler.at\/weblog\/wp-content\/uploads\/2010\/05\/Austrieb-zweites-Jahr-bearbeitet-2.jpg\" alt=\"...und im ersten Stock\" width=\"508\" height=\"381\" srcset=\"https:\/\/bernhard-fiedler.at\/weblog\/wp-content\/uploads\/2010\/05\/Austrieb-zweites-Jahr-bearbeitet-2.jpg 508w, https:\/\/bernhard-fiedler.at\/weblog\/wp-content\/uploads\/2010\/05\/Austrieb-zweites-Jahr-bearbeitet-2-300x224.jpg 300w\" sizes=\"auto, (max-width: 508px) 100vw, 508px\" \/><\/p>\n<p>Manche St\u00f6cke starteten deshalb <a href=\"https:\/\/bernhard-fiedler.at\/weblog\/?p=2708\">zu ebener Erde<\/a>, und andere im ersten Stock.<\/p>\n<p style=\"text-align: center;\"><img loading=\"lazy\" decoding=\"async\" class=\"aligncenter size-full wp-image-2923\" style=\"border: 0px;\" title=\"Alles w\u00e4chst\" src=\"https:\/\/bernhard-fiedler.at\/weblog\/wp-content\/uploads\/2010\/07\/Junganlage-angeh\u00e4ufelt-komprimiert.jpg\" alt=\"Alles w\u00e4chst\" width=\"508\" height=\"381\" srcset=\"https:\/\/bernhard-fiedler.at\/weblog\/wp-content\/uploads\/2010\/07\/Junganlage-angeh\u00e4ufelt-komprimiert.jpg 508w, https:\/\/bernhard-fiedler.at\/weblog\/wp-content\/uploads\/2010\/07\/Junganlage-angeh\u00e4ufelt-komprimiert-300x224.jpg 300w\" sizes=\"auto, (max-width: 508px) 100vw, 508px\" \/><\/p>\n<p>&#8222;<a href=\"https:\/\/bernhard-fiedler.at\/weblog\/?p=2922\">Alles w\u00e4chst<\/a>&#8220; hie\u00df es im Juli, nicht zuletzt, weil wir <a href=\"https:\/\/bernhard-fiedler.at\/weblog\/?p=2821\">Priorit\u00e4ten gesetzt<\/a>, und die Trauben weggeschnitten haben.<\/p>\n<p style=\"text-align: center;\"><img loading=\"lazy\" decoding=\"async\" class=\"aligncenter size-full wp-image-3184\" style=\"border: 0px;\" title=\"Begr\u00fcnung\" src=\"https:\/\/bernhard-fiedler.at\/weblog\/wp-content\/uploads\/2010\/10\/Junganlage-Rebenfit-komprimiert.jpg\" alt=\"Begr\u00fcnung\" width=\"508\" height=\"381\" srcset=\"https:\/\/bernhard-fiedler.at\/weblog\/wp-content\/uploads\/2010\/10\/Junganlage-Rebenfit-komprimiert.jpg 508w, https:\/\/bernhard-fiedler.at\/weblog\/wp-content\/uploads\/2010\/10\/Junganlage-Rebenfit-komprimiert-300x224.jpg 300w\" sizes=\"auto, (max-width: 508px) 100vw, 508px\" \/><\/p>\n<p>Nach <a href=\"https:\/\/bernhard-fiedler.at\/weblog\/?p=3014\">einem idealen Sommer<\/a> haben wir die Junganlage mit der Einsaat einer Begr\u00fcnungsmischung <a href=\"https:\/\/bernhard-fiedler.at\/weblog\/?p=3185\">winterfit<\/a> gemacht.<\/p>\n<p style=\"text-align: center;\"><img loading=\"lazy\" decoding=\"async\" class=\"aligncenter size-full wp-image-3822\" style=\"border: 0px;\" title=\"Junger Rebstamm\" src=\"https:\/\/bernhard-fiedler.at\/weblog\/wp-content\/uploads\/2011\/04\/Junger-Stamm.jpg\" alt=\"Junger Rebstamm\" width=\"508\" height=\"745\" srcset=\"https:\/\/bernhard-fiedler.at\/weblog\/wp-content\/uploads\/2011\/04\/Junger-Stamm.jpg 508w, https:\/\/bernhard-fiedler.at\/weblog\/wp-content\/uploads\/2011\/04\/Junger-Stamm-204x300.jpg 204w\" sizes=\"auto, (max-width: 508px) 100vw, 508px\" \/><\/p>\n<p>Beim Rebschnitt nach dem zweiten Jahr konnten bei fast allen im Jahr davor zur\u00fcckgeschnittenen Reben ebenfalls einen Stamm formieren. Die Laubarbeiten starteten deshalb mit dem Wegbrechen der Triebe am Stamm, einer T\u00e4tigkeit die f\u00fcr mich viel mit dem <a href=\"https:\/\/bernhard-fiedler.at\/weblog\/?p=3821\">Erwachsenwerden<\/a> zu tun hat.<\/p>\n<p style=\"text-align: center;\"><img loading=\"lazy\" decoding=\"async\" class=\"aligncenter size-full wp-image-3898\" style=\"border: 0px;\" title=\"Inkarnatklee\" src=\"https:\/\/bernhard-fiedler.at\/weblog\/wp-content\/uploads\/2011\/05\/Klee.jpg\" alt=\"Inkarnatklee\" width=\"508\" height=\"374\" srcset=\"https:\/\/bernhard-fiedler.at\/weblog\/wp-content\/uploads\/2011\/05\/Klee.jpg 508w, https:\/\/bernhard-fiedler.at\/weblog\/wp-content\/uploads\/2011\/05\/Klee-300x220.jpg 300w\" sizes=\"auto, (max-width: 508px) 100vw, 508px\" \/><\/p>\n<p>Bald danach entwickelte sich der leuchtend rot bl\u00fchende Inkarnatklee unserer Begr\u00fcnung zu einer wahren <a href=\"https:\/\/bernhard-fiedler.at\/weblog\/?p=3897\">Touristenattraktion<\/a>.<\/p>\n<p style=\"text-align: center;\"><img loading=\"lazy\" decoding=\"async\" class=\"aligncenter size-full wp-image-4045\" style=\"border: 0px;\" title=\"Chardonnay am Goldberg\" src=\"https:\/\/bernhard-fiedler.at\/weblog\/wp-content\/uploads\/2011\/07\/Chardonnay-am-Goldberg-bearbeitet.jpg\" alt=\"Chardonnay am Goldberg\" width=\"508\" height=\"273\" srcset=\"https:\/\/bernhard-fiedler.at\/weblog\/wp-content\/uploads\/2011\/07\/Chardonnay-am-Goldberg-bearbeitet.jpg 508w, https:\/\/bernhard-fiedler.at\/weblog\/wp-content\/uploads\/2011\/07\/Chardonnay-am-Goldberg-bearbeitet-300x161.jpg 300w\" sizes=\"auto, (max-width: 508px) 100vw, 508px\" \/><\/p>\n<p>Auch die Reben entwickelten sich pr\u00e4chtig, und schon im Juli war klar, dass wir es mit einem <a href=\"https:\/\/bernhard-fiedler.at\/weblog\/?p=4044\">guten Behang<\/a> zu tun haben.<\/p>\n<p><img loading=\"lazy\" decoding=\"async\" class=\"aligncenter size-full wp-image-4216\" style=\"border: 0px;\" title=\"Chardonnay am Goldberg\" src=\"https:\/\/bernhard-fiedler.at\/weblog\/wp-content\/uploads\/2011\/09\/Chardonnay-am-Goldberg-2-bearbeitet.jpg\" alt=\"Chardonnay am Goldberg\" width=\"508\" height=\"381\" srcset=\"https:\/\/bernhard-fiedler.at\/weblog\/wp-content\/uploads\/2011\/09\/Chardonnay-am-Goldberg-2-bearbeitet.jpg 508w, https:\/\/bernhard-fiedler.at\/weblog\/wp-content\/uploads\/2011\/09\/Chardonnay-am-Goldberg-2-bearbeitet-300x224.jpg 300w\" sizes=\"auto, (max-width: 508px) 100vw, 508px\" \/><\/p>\n<p>Bei der <a href=\"https:\/\/bernhard-fiedler.at\/weblog\/?p=4215\">Jungfernlese<\/a> Anfang September hat sich dann herausgestellt, dass nicht nur die Menge, sondern auch die Qualit\u00e4t f\u00fcr die allererste Ernte mehr als zufriedenstellend ist.<\/p>\n","protected":false},"excerpt":{"rendered":"<p>Mit der ersten Ernte reiht sich unsere Junganlage am Goldberg in die Ertragsweing\u00e4rten ein und die Serie &#8222;Ein Weingarten entsteht&#8220; findet ihr Ende. Zur Erinnerung hier noch einmal die letzten drei Jahre im Schnelldurchlauf:<\/p>\n","protected":false},"author":2,"featured_media":0,"comment_status":"open","ping_status":"open","sticky":false,"template":"","format":"standard","meta":{"footnotes":""},"categories":[22],"tags":[],"class_list":["post-4294","post","type-post","status-publish","format-standard","hentry","category-ein-weingarten-entsteht"],"_links":{"self":[{"href":"https:\/\/bernhard-fiedler.at\/weblog\/index.php?rest_route=\/wp\/v2\/posts\/4294","targetHints":{"allow":["GET"]}}],"collection":[{"href":"https:\/\/bernhard-fiedler.at\/weblog\/index.php?rest_route=\/wp\/v2\/posts"}],"about":[{"href":"https:\/\/bernhard-fiedler.at\/weblog\/index.php?rest_route=\/wp\/v2\/types\/post"}],"author":[{"embeddable":true,"href":"https:\/\/bernhard-fiedler.at\/weblog\/index.php?rest_route=\/wp\/v2\/users\/2"}],"replies":[{"embeddable":true,"href":"https:\/\/bernhard-fiedler.at\/weblog\/index.php?rest_route=%2Fwp%2Fv2%2Fcomments&post=4294"}],"version-history":[{"count":9,"href":"https:\/\/bernhard-fiedler.at\/weblog\/index.php?rest_route=\/wp\/v2\/posts\/4294\/revisions"}],"predecessor-version":[{"id":4306,"href":"https:\/\/bernhard-fiedler.at\/weblog\/index.php?rest_route=\/wp\/v2\/posts\/4294\/revisions\/4306"}],"wp:attachment":[{"href":"https:\/\/bernhard-fiedler.at\/weblog\/index.php?rest_route=%2Fwp%2Fv2%2Fmedia&parent=4294"}],"wp:term":[{"taxonomy":"category","embeddable":true,"href":"https:\/\/bernhard-fiedler.at\/weblog\/index.php?rest_route=%2Fwp%2Fv2%2Fcategories&post=4294"},{"taxonomy":"post_tag","embeddable":true,"href":"https:\/\/bernhard-fiedler.at\/weblog\/index.php?rest_route=%2Fwp%2Fv2%2Ftags&post=4294"}],"curies":[{"name":"wp","href":"https:\/\/api.w.org\/{rel}","templated":true}]}}