{"id":4284,"date":"2011-09-28T22:12:08","date_gmt":"2011-09-28T21:12:08","guid":{"rendered":"http:\/\/www.bernhard-fiedler.at\/weblog\/?p=4284"},"modified":"2011-09-28T22:12:08","modified_gmt":"2011-09-28T21:12:08","slug":"vernetzt","status":"publish","type":"post","link":"https:\/\/bernhard-fiedler.at\/weblog\/?p=4284","title":{"rendered":"Vernetzt"},"content":{"rendered":"<p style=\"text-align: center;\"><img loading=\"lazy\" decoding=\"async\" class=\"aligncenter size-full wp-image-4285\" style=\"border: 0px;\" title=\"Vogelnetz\" src=\"https:\/\/bernhard-fiedler.at\/weblog\/wp-content\/uploads\/2011\/09\/Vogelnetz-bearbeitet.jpg\" alt=\"Vogelnetz\" width=\"508\" height=\"293\" srcset=\"https:\/\/bernhard-fiedler.at\/weblog\/wp-content\/uploads\/2011\/09\/Vogelnetz-bearbeitet.jpg 508w, https:\/\/bernhard-fiedler.at\/weblog\/wp-content\/uploads\/2011\/09\/Vogelnetz-bearbeitet-300x173.jpg 300w\" sizes=\"auto, (max-width: 508px) 100vw, 508px\" \/><\/p>\n<p>Schon vor der Lese der letzten Blaufr\u00e4nkisch-Trauben am Montag haben wir unsere letzten beiden Weing\u00e4rten mit Vogelschutznetzen vor den nach der Hauptlese immer gef\u00e4hrlicher werdenden <a href=\"https:\/\/bernhard-fiedler.at\/weblog\/?p=1874\">Staren<\/a> gesch\u00fctzt.<\/p>\n<p>Vom Wei\u00dfburgunder-Weingarten, der oben zu sehen ist, und vom Traminer h\u00e4tten wir n\u00e4mlich gerne eine sch\u00f6ne Auslese mit etwa 23\u00b0KMW. Und weil sich schon vergangene Woche abgezeichnet hat, dass heuer wohl l\u00e4nger dauern wird, als die gemeinschaftliche Stareabwehr anh\u00e4lt, sind wir mit den Netzen auf Nummer sicher gegangen, obwohl der Kosten- und Arbeitsaufwand daf\u00fcr nicht ohne ist.<\/p>\n<p>Es mag paradox erscheinen, aber das derzeit vorherrschende grandiose Sp\u00e4tsommerwetter ist f\u00fcr unsere Absichten einfach zu gut. Die Reben haben die Zuckerbildung mittlerweile weitgehend eingestellt, und die vollreifen Trauben liegen seit mindestens einer Woche weitgehend unver\u00e4ndert zwischen 19 und 21\u00b0KMW.<\/p>\n<p>Der Sprung zur Auslese gelingt nur, wenn Wasser aus den Beeren verdunstet und die Trauben schrumpfen. Und wenn man nicht das Gl\u00fcck hat, dass einem der Sonnenbrand auf den s\u00fcdseitigen Trauben ausnahmsweise einmal vorteilhaft konzentrierte Beeren beschert wie Armin Kobler <a href=\"http:\/\/www.kobler-margreid.com\/blog\/2011\/09\/26\/getrennte-sammlung_raccolta-differenziata\/\">hier<\/a> in S\u00fcdtirol, dann bleibt nur das Warten auf die <a href=\"https:\/\/bernhard-fiedler.at\/weblog\/?p=701\">Botrytis<\/a>.<\/p>\n<p>Damit dieser Edelf\u00e4ulepilz die Traubenschalen aber weich und durchl\u00e4ssig machen kann, braucht er Feuchtigkeit in Form von Tau, Nebel oder einem leichten Regen. Nach der Pilzinfektion w\u00e4re dann wiederum trockenes Wetter ideal, damit das Wasser durch die por\u00f6sen Beerenschalen verdunsten und sich der Zucker konzentrieren kann.<\/p>\n","protected":false},"excerpt":{"rendered":"<p>Schon vor der Lese der letzten Blaufr\u00e4nkisch-Trauben am Montag haben wir unsere letzten beiden Weing\u00e4rten mit Vogelschutznetzen vor den nach der Hauptlese immer gef\u00e4hrlicher werdenden Staren gesch\u00fctzt. Vom Wei\u00dfburgunder-Weingarten, der oben zu sehen ist, und vom Traminer h\u00e4tten wir n\u00e4mlich gerne eine sch\u00f6ne Auslese mit etwa 23\u00b0KMW. Und weil sich schon vergangene Woche abgezeichnet hat, &#8230; <a title=\"Vernetzt\" class=\"read-more\" href=\"https:\/\/bernhard-fiedler.at\/weblog\/?p=4284\" aria-label=\"Mehr Informationen \u00fcber Vernetzt\">Weiterlesen<\/a><\/p>\n","protected":false},"author":2,"featured_media":0,"comment_status":"open","ping_status":"open","sticky":false,"template":"","format":"standard","meta":{"footnotes":""},"categories":[28],"tags":[],"class_list":["post-4284","post","type-post","status-publish","format-standard","hentry","category-lese-2011"],"_links":{"self":[{"href":"https:\/\/bernhard-fiedler.at\/weblog\/index.php?rest_route=\/wp\/v2\/posts\/4284","targetHints":{"allow":["GET"]}}],"collection":[{"href":"https:\/\/bernhard-fiedler.at\/weblog\/index.php?rest_route=\/wp\/v2\/posts"}],"about":[{"href":"https:\/\/bernhard-fiedler.at\/weblog\/index.php?rest_route=\/wp\/v2\/types\/post"}],"author":[{"embeddable":true,"href":"https:\/\/bernhard-fiedler.at\/weblog\/index.php?rest_route=\/wp\/v2\/users\/2"}],"replies":[{"embeddable":true,"href":"https:\/\/bernhard-fiedler.at\/weblog\/index.php?rest_route=%2Fwp%2Fv2%2Fcomments&post=4284"}],"version-history":[{"count":4,"href":"https:\/\/bernhard-fiedler.at\/weblog\/index.php?rest_route=\/wp\/v2\/posts\/4284\/revisions"}],"predecessor-version":[{"id":4289,"href":"https:\/\/bernhard-fiedler.at\/weblog\/index.php?rest_route=\/wp\/v2\/posts\/4284\/revisions\/4289"}],"wp:attachment":[{"href":"https:\/\/bernhard-fiedler.at\/weblog\/index.php?rest_route=%2Fwp%2Fv2%2Fmedia&parent=4284"}],"wp:term":[{"taxonomy":"category","embeddable":true,"href":"https:\/\/bernhard-fiedler.at\/weblog\/index.php?rest_route=%2Fwp%2Fv2%2Fcategories&post=4284"},{"taxonomy":"post_tag","embeddable":true,"href":"https:\/\/bernhard-fiedler.at\/weblog\/index.php?rest_route=%2Fwp%2Fv2%2Ftags&post=4284"}],"curies":[{"name":"wp","href":"https:\/\/api.w.org\/{rel}","templated":true}]}}