{"id":428,"date":"2008-01-17T23:05:57","date_gmt":"2008-01-17T22:05:57","guid":{"rendered":"http:\/\/www.bernhard-fiedler.at\/weblog\/?p=428"},"modified":"2008-01-17T23:05:57","modified_gmt":"2008-01-17T22:05:57","slug":"winterzeit-ist-weiterbildungszeit-1","status":"publish","type":"post","link":"https:\/\/bernhard-fiedler.at\/weblog\/?p=428","title":{"rendered":"Winterzeit ist Weiterbildungszeit (1)"},"content":{"rendered":"<p>Viele Veranstalter n\u00fctzen den f\u00fcr uns Winzer etwas ruhigeren J\u00e4nner, um Kurse, Seminare und Vortr\u00e4ge \u00fcber die verschiedensten Themen anzubieten. Das beschert ihnen bei einem entsprechend interessanten Angebot meist volle R\u00e4umlichkeiten und die Aufmerksamkeit der Winzer.<\/p>\n<p>Paradoxerweise werden diese Weiterbildungsm\u00f6glichkeiten vor allem von jenen Weinbauern gen\u00fctzt, die sie eigentlich nur in einzelnen Teilbereichen n\u00f6tig haben, w\u00e4hrend die Winzer mit dem gr\u00f6\u00dften Verbesserungsbedarf dabei nur sehr selten anzutreffen sind.<\/p>\n<p><a href='https:\/\/bernhard-fiedler.at\/weblog\/wp-content\/uploads\/2008\/01\/wein-aus-osterreich.gif' title='Wein aus \u00d6sterreich - Kostbare Kultur'><img src='https:\/\/bernhard-fiedler.at\/weblog\/wp-content\/uploads\/2008\/01\/wein-aus-osterreich.gif' alt='Wein aus \u00d6sterreich - Kostbare Kultur' \/><\/a><\/p>\n<p><strong>\u00d6WM &#8211; Marketingtag<\/strong><\/p>\n<p>Die <a href=\"http:\/\/www.weinausoesterreich.at\/\"><strong>\u00d6<\/strong>sterreichische <strong>W<\/strong>ein<strong>m<\/strong>arketinggesellschaft<\/a> macht traditionellerweise den Anfang. Im Rahmen ihres Marketingtages am 9. J\u00e4nner hat sie uns Winzer \u00fcber ihre Aktivit\u00e4ten im vergangenen Jahr und die Pl\u00e4ne f\u00fcr 2008 informiert. Dabei gab es auch einen \u00dcberblick \u00fcber die Entwicklungen auf dem \u00f6sterreichischen Weinmarkt und in den wichtigsten Exportl\u00e4ndern und Detailinfos \u00fcber die <a href=\"https:\/\/bernhard-fiedler.at\/weblog\/?p=412\">Einigung bei der EU-Weinmarktordnung<\/a>. <!--more--><\/p>\n<p>Exportentwicklung<\/p>\n<p>Eines der wesentliche Ziele der \u00d6WM ist die weitere Steigerung des Exportpreises der \u00f6sterreichischen Weine. W\u00e4hrend n\u00e4mlich die Menge von Weinimport und -export in \u00d6sterreich auf dem selben Niveau von rund 50 bis 70 Mio. Litern liegt, klafft die Wertsch\u00f6pfung weit auseinander:<\/p>\n<p>Der Durchschnittsimportpreis betr\u00e4gt 2,40 Euro pro Liter, der Exportpreis aber derzeit nur 1,82 Euro pro Liter! Trotz dieser bescheidenen Zahl mu\u00df man die Exportentwicklung insgesamt positiv sehen, denn 2001 lag der Exportpreis mit 1,00 Euro pro Liter noch dramatisch darunter.<\/p>\n<p>Ungarischer Besuch<\/p>\n<p>Interessant war auch der Besuch eines ungarischen Fernsehteams, das einen ausf\u00fchrlichen Beitrag \u00fcber die \u00f6sterreichischen Weinvermarktungsstrategien gedreht hat. Darauf bezugnehmend hat \u00d6WM-Chef Willi Klinger hat einerseits darauf hingewiesen, dass die ungarischen Winzerkollegen alle Vorg\u00e4nge in \u00d6sterreich sehr interessiert beobachten und mittelfristig nicht untersch\u00e4tzt werden sollten, andererseits aber davor gewarnt, Ungarn prim\u00e4r als unliebsamen Konkurrenten zu betrachten.<\/p>\n<p>Insider-Infos zur Weinmarktreform<\/p>\n<p>Zum Abschlu\u00df der Veranstaltung pr\u00e4sentierte Dr. Schmid, der im <a href=\"http:\/\/www.bmlfuw.gv.at\/\">Landwirtschaftsministerium<\/a> f\u00fcr die Zusammenarbeit mit der EU in Sachen Wein zust\u00e4ndig ist, die Grundz\u00fcge der neuen EU-Weinmarktordnung. Nachdem ich mich bereits unmittelbar nach der Einigung der Agrarminister intensiv damit besch\u00e4ftigt habe, gab es in seinem Vortrag f\u00fcr mich nur eine Neuigkeit:<\/p>\n<p>Alle derzeit kursierenden Berichte \u00fcber die Weinmarktordnung basieren auf einer locker beschriebenen Vier-Seiten-Grundsatzentscheidung, auf die sich die Minister verst\u00e4ndigen konnten. Die Details dazu m\u00fcssen erst noch verhandelt, anschlie\u00dfend als EU-Verordnungen erlassen und danach die nationalen Umsetzungen erarbeitet werden. Mal sehen, welche T\u00fccken sich da noch im Detail verbergen.<\/p>\n","protected":false},"excerpt":{"rendered":"<p>Viele Veranstalter n\u00fctzen den f\u00fcr uns Winzer etwas ruhigeren J\u00e4nner, um Kurse, Seminare und Vortr\u00e4ge \u00fcber die verschiedensten Themen anzubieten. Das beschert ihnen bei einem entsprechend interessanten Angebot meist volle R\u00e4umlichkeiten und die Aufmerksamkeit der Winzer. Paradoxerweise werden diese Weiterbildungsm\u00f6glichkeiten vor allem von jenen Weinbauern gen\u00fctzt, die sie eigentlich nur in einzelnen Teilbereichen n\u00f6tig haben, &#8230; <a title=\"Winterzeit ist Weiterbildungszeit (1)\" class=\"read-more\" href=\"https:\/\/bernhard-fiedler.at\/weblog\/?p=428\" aria-label=\"Mehr Informationen \u00fcber Winterzeit ist Weiterbildungszeit (1)\">Weiterlesen<\/a><\/p>\n","protected":false},"author":2,"featured_media":0,"comment_status":"open","ping_status":"open","sticky":false,"template":"","format":"standard","meta":{"footnotes":""},"categories":[9],"tags":[],"class_list":["post-428","post","type-post","status-publish","format-standard","hentry","category-sonstige-weinberichte"],"_links":{"self":[{"href":"https:\/\/bernhard-fiedler.at\/weblog\/index.php?rest_route=\/wp\/v2\/posts\/428","targetHints":{"allow":["GET"]}}],"collection":[{"href":"https:\/\/bernhard-fiedler.at\/weblog\/index.php?rest_route=\/wp\/v2\/posts"}],"about":[{"href":"https:\/\/bernhard-fiedler.at\/weblog\/index.php?rest_route=\/wp\/v2\/types\/post"}],"author":[{"embeddable":true,"href":"https:\/\/bernhard-fiedler.at\/weblog\/index.php?rest_route=\/wp\/v2\/users\/2"}],"replies":[{"embeddable":true,"href":"https:\/\/bernhard-fiedler.at\/weblog\/index.php?rest_route=%2Fwp%2Fv2%2Fcomments&post=428"}],"version-history":[{"count":0,"href":"https:\/\/bernhard-fiedler.at\/weblog\/index.php?rest_route=\/wp\/v2\/posts\/428\/revisions"}],"wp:attachment":[{"href":"https:\/\/bernhard-fiedler.at\/weblog\/index.php?rest_route=%2Fwp%2Fv2%2Fmedia&parent=428"}],"wp:term":[{"taxonomy":"category","embeddable":true,"href":"https:\/\/bernhard-fiedler.at\/weblog\/index.php?rest_route=%2Fwp%2Fv2%2Fcategories&post=428"},{"taxonomy":"post_tag","embeddable":true,"href":"https:\/\/bernhard-fiedler.at\/weblog\/index.php?rest_route=%2Fwp%2Fv2%2Ftags&post=428"}],"curies":[{"name":"wp","href":"https:\/\/api.w.org\/{rel}","templated":true}]}}