{"id":4251,"date":"2011-09-17T21:11:24","date_gmt":"2011-09-17T20:11:24","guid":{"rendered":"http:\/\/www.bernhard-fiedler.at\/weblog\/?p=4251"},"modified":"2011-09-17T21:14:10","modified_gmt":"2011-09-17T20:14:10","slug":"zwischenstand","status":"publish","type":"post","link":"https:\/\/bernhard-fiedler.at\/weblog\/?p=4251","title":{"rendered":"Zwischenstand"},"content":{"rendered":"<p style=\"text-align: center;\"><img decoding=\"async\" class=\"aligncenter size-full wp-image-1741\" style=\"border: 0px;\" title=\"\u00dcberfluten der g\u00e4renden Rotweinmaische\" src=\"https:\/\/bernhard-fiedler.at\/weblog\/wp-content\/uploads\/2009\/09\/Rundpumpen-bearbeitet.jpg\" alt=\"\u00dcberfluten der g\u00e4renden Rotweinmaische\" \/><\/p>\n<p>Am Ende der zweiten Lesewoche pr\u00e4sentiert sich die Lage folgenderma\u00dfen:<\/p>\n<p>Der erstgelesene Muskat Ottonel von voriger Woche ist (nicht nur aber auch wegen des schnellen G\u00e4rstarts aufgrund der hohen Temperaturen) ebenso in der Endphase der G\u00e4rung, wie die (rotweing\u00e4rtemperaturbedingt schneller g\u00e4renden) Zweigeltchargen vom Dienstag und Mittwoch dieser Woche. Beide Sorten sind angesichts der Traubenqualit\u00e4t und der bereits m\u00f6glichen ersten Verkostung sehr vielversprechend.<\/p>\n<p>Der Gr\u00fcne Veltliner (gradations- und s\u00e4urem\u00e4\u00dfig auf perfektem Niveau f\u00fcr einen leichten, erfrischenden Weintypus) wurde Ende der vorigen Woche komplett geerntet und heute kam auch die letzte Charge vom Welschriesling (schon eine Spur zu hoch in der Gradation bei noch akzeptabler S\u00e4ure) nach Hause.<\/p>\n<p><!--more--><\/p>\n<p>Vom Chardonnay gibt es heuer erstmals zwei sehr unterschiedliche Chargen. Unser &#8222;Stammweingarten&#8220; erbrachte sehr reife Trauben mit 20\u00b0KMW. Ein paar weitere Tage Reife nach der Messung des hier beschriebenen (fast zu hohen) S\u00e4urewertes und die Maischestandzeit haben die S\u00e4ure auf passende 7 g\/l gebracht.<\/p>\n<p>Die erste Chardonnay-Ernte vom Goldberg hat eine kleine Menge \u00e4u\u00dferst \u00fcppigen Most mit \u00fcber 20\u00b0KMW bei unter 6 g\/l S\u00e4ure ergeben. Mal sehen, was daraus wird.<\/p>\n<p>Beim Wei\u00dfburgunder ist erst ein kleiner Teil zu Hause, aber der ist bereits recht vielversprechend. Die Zuckergradation ist trotz Hitze nicht explodiert (weshalb auch heuer wohl h\u00f6chstens 13 Prozent Alkohol auf dem Etikett stehen wird) und die S\u00e4ure ist jahrgangstypisch, aber nicht zu niedrig.<\/p>\n<p>Nach dem prognostizierten Regen am Montag geht es kommende Woche mit dem restlichen Wei\u00dfburgunder weiter, und danach folgt voraussichtlich gleich der Blaufr\u00e4nkisch. Ob wir da mit dem einen oder anderen Weingarten noch etwas warten, wird sich noch herausstellen.<\/p>\n<p>Im Moment sieht es nicht unbedingt danch aus, denn auch die Blaufr\u00e4nkischen sind schon recht weit in ihrer Reifeentwicklung, und ich m\u00f6chte auch in einem Hitzejahrgang wie heuer einen \u00fcberreif-weichen Weinstil gerade bei unserer Traditionssorte vermeiden.<\/p>\n<p>Auch die Cabernet-Trauben schmecken schon recht reif und stagnieren seit einigen Tagen trotz Hitze bei einer Zuckergradation zwischen 18 und 19\u00b0KMW. Es kann gut sein, dass wir sie gleich nach dem Blaufr\u00e4nkisch Ende der kommenden Woche lesen.<\/p>\n<p>Wenn uns das Wetter und die Reifeentwicklung keinen Strich durch diesen Plan macht, bleiben uns dann nur noch jene beiden Weing\u00e4rten, die unsere s\u00fc\u00dfe Auslese ergeben sollen. Der Traminer steht derzeit bei rund 19\u00b0KMW, zeigt aber noch kaum Anstalten, durch edelf\u00e4ulebedingte Schrumpfung die 22 bis\u00a023\u00b0KMW zu erreichen, die wir anstreben.<\/p>\n<p>Beim Wei\u00dfburgunder hingegen findet man schon einige Botrytisnester, aber ohne weitere Infektionen und das Eintrocknen der befallenen Beeren liegt die Auslese-Kategorie noch in weiter Ferne.<\/p>\n","protected":false},"excerpt":{"rendered":"<p>Am Ende der zweiten Lesewoche pr\u00e4sentiert sich die Lage folgenderma\u00dfen: Der erstgelesene Muskat Ottonel von voriger Woche ist (nicht nur aber auch wegen des schnellen G\u00e4rstarts aufgrund der hohen Temperaturen) ebenso in der Endphase der G\u00e4rung, wie die (rotweing\u00e4rtemperaturbedingt schneller g\u00e4renden) Zweigeltchargen vom Dienstag und Mittwoch dieser Woche. Beide Sorten sind angesichts der Traubenqualit\u00e4t und &#8230; <a title=\"Zwischenstand\" class=\"read-more\" href=\"https:\/\/bernhard-fiedler.at\/weblog\/?p=4251\" aria-label=\"Mehr Informationen \u00fcber Zwischenstand\">Weiterlesen<\/a><\/p>\n","protected":false},"author":2,"featured_media":0,"comment_status":"open","ping_status":"open","sticky":false,"template":"","format":"standard","meta":{"footnotes":""},"categories":[28],"tags":[],"class_list":["post-4251","post","type-post","status-publish","format-standard","hentry","category-lese-2011"],"_links":{"self":[{"href":"https:\/\/bernhard-fiedler.at\/weblog\/index.php?rest_route=\/wp\/v2\/posts\/4251","targetHints":{"allow":["GET"]}}],"collection":[{"href":"https:\/\/bernhard-fiedler.at\/weblog\/index.php?rest_route=\/wp\/v2\/posts"}],"about":[{"href":"https:\/\/bernhard-fiedler.at\/weblog\/index.php?rest_route=\/wp\/v2\/types\/post"}],"author":[{"embeddable":true,"href":"https:\/\/bernhard-fiedler.at\/weblog\/index.php?rest_route=\/wp\/v2\/users\/2"}],"replies":[{"embeddable":true,"href":"https:\/\/bernhard-fiedler.at\/weblog\/index.php?rest_route=%2Fwp%2Fv2%2Fcomments&post=4251"}],"version-history":[{"count":6,"href":"https:\/\/bernhard-fiedler.at\/weblog\/index.php?rest_route=\/wp\/v2\/posts\/4251\/revisions"}],"predecessor-version":[{"id":4257,"href":"https:\/\/bernhard-fiedler.at\/weblog\/index.php?rest_route=\/wp\/v2\/posts\/4251\/revisions\/4257"}],"wp:attachment":[{"href":"https:\/\/bernhard-fiedler.at\/weblog\/index.php?rest_route=%2Fwp%2Fv2%2Fmedia&parent=4251"}],"wp:term":[{"taxonomy":"category","embeddable":true,"href":"https:\/\/bernhard-fiedler.at\/weblog\/index.php?rest_route=%2Fwp%2Fv2%2Fcategories&post=4251"},{"taxonomy":"post_tag","embeddable":true,"href":"https:\/\/bernhard-fiedler.at\/weblog\/index.php?rest_route=%2Fwp%2Fv2%2Ftags&post=4251"}],"curies":[{"name":"wp","href":"https:\/\/api.w.org\/{rel}","templated":true}]}}