{"id":4109,"date":"2011-08-02T06:11:14","date_gmt":"2011-08-02T05:11:14","guid":{"rendered":"http:\/\/www.bernhard-fiedler.at\/weblog\/?p=4109"},"modified":"2011-08-02T06:11:14","modified_gmt":"2011-08-02T05:11:14","slug":"aus-dem-archiv-der-letzte-feinschliff-2","status":"publish","type":"post","link":"https:\/\/bernhard-fiedler.at\/weblog\/?p=4109","title":{"rendered":"Aus dem Archiv: Der letzte Feinschliff"},"content":{"rendered":"<p style=\"text-align: center;\"><img loading=\"lazy\" decoding=\"async\" class=\"aligncenter size-full wp-image-4110\" style=\"border: 0px;\" title=\"Umf\u00e4rbung\" src=\"https:\/\/bernhard-fiedler.at\/weblog\/wp-content\/uploads\/2011\/08\/Umf\u00e4rbung-bearbeitet.jpg\" alt=\"Umf\u00e4rbung\" width=\"508\" height=\"316\" srcset=\"https:\/\/bernhard-fiedler.at\/weblog\/wp-content\/uploads\/2011\/08\/Umf\u00e4rbung-bearbeitet.jpg 508w, https:\/\/bernhard-fiedler.at\/weblog\/wp-content\/uploads\/2011\/08\/Umf\u00e4rbung-bearbeitet-300x186.jpg 300w\" sizes=\"auto, (max-width: 508px) 100vw, 508px\" \/><\/p>\n<p>W\u00e4hrend das Eink\u00fcrzen der Triebe heuer aufgrund des gebremsten Wachstums in der trockenen ersten Sommerh\u00e4lfte etwas weniger Aufwand macht, ist die Feineinstellung des Ertrages diesen Sommer wieder ein gr\u00f6\u00dferes Thema als im ertragsschwachen Vorjahr.<\/p>\n<p>Warum, wann und wie man dabei vorgehen kann gibt es in <a href=\"https:\/\/bernhard-fiedler.at\/weblog\/?p=293\">diesem<\/a> und <a href=\"https:\/\/bernhard-fiedler.at\/weblog\/?p=292#more-292\">dem<\/a> darin verlinkten Beitrag zu lesen.<\/p>\n","protected":false},"excerpt":{"rendered":"<p>W\u00e4hrend das Eink\u00fcrzen der Triebe heuer aufgrund des gebremsten Wachstums in der trockenen ersten Sommerh\u00e4lfte etwas weniger Aufwand macht, ist die Feineinstellung des Ertrages diesen Sommer wieder ein gr\u00f6\u00dferes Thema als im ertragsschwachen Vorjahr. Warum, wann und wie man dabei vorgehen kann gibt es in diesem und dem darin verlinkten Beitrag zu lesen.<\/p>\n","protected":false},"author":2,"featured_media":0,"comment_status":"open","ping_status":"open","sticky":false,"template":"","format":"standard","meta":{"footnotes":""},"categories":[3],"tags":[],"class_list":["post-4109","post","type-post","status-publish","format-standard","hentry","category-im-weingarten"],"_links":{"self":[{"href":"https:\/\/bernhard-fiedler.at\/weblog\/index.php?rest_route=\/wp\/v2\/posts\/4109","targetHints":{"allow":["GET"]}}],"collection":[{"href":"https:\/\/bernhard-fiedler.at\/weblog\/index.php?rest_route=\/wp\/v2\/posts"}],"about":[{"href":"https:\/\/bernhard-fiedler.at\/weblog\/index.php?rest_route=\/wp\/v2\/types\/post"}],"author":[{"embeddable":true,"href":"https:\/\/bernhard-fiedler.at\/weblog\/index.php?rest_route=\/wp\/v2\/users\/2"}],"replies":[{"embeddable":true,"href":"https:\/\/bernhard-fiedler.at\/weblog\/index.php?rest_route=%2Fwp%2Fv2%2Fcomments&post=4109"}],"version-history":[{"count":3,"href":"https:\/\/bernhard-fiedler.at\/weblog\/index.php?rest_route=\/wp\/v2\/posts\/4109\/revisions"}],"predecessor-version":[{"id":4113,"href":"https:\/\/bernhard-fiedler.at\/weblog\/index.php?rest_route=\/wp\/v2\/posts\/4109\/revisions\/4113"}],"wp:attachment":[{"href":"https:\/\/bernhard-fiedler.at\/weblog\/index.php?rest_route=%2Fwp%2Fv2%2Fmedia&parent=4109"}],"wp:term":[{"taxonomy":"category","embeddable":true,"href":"https:\/\/bernhard-fiedler.at\/weblog\/index.php?rest_route=%2Fwp%2Fv2%2Fcategories&post=4109"},{"taxonomy":"post_tag","embeddable":true,"href":"https:\/\/bernhard-fiedler.at\/weblog\/index.php?rest_route=%2Fwp%2Fv2%2Ftags&post=4109"}],"curies":[{"name":"wp","href":"https:\/\/api.w.org\/{rel}","templated":true}]}}