{"id":4058,"date":"2011-07-15T20:29:12","date_gmt":"2011-07-15T19:29:12","guid":{"rendered":"http:\/\/www.bernhard-fiedler.at\/weblog\/?p=4058"},"modified":"2011-07-15T20:29:12","modified_gmt":"2011-07-15T19:29:12","slug":"terminplan","status":"publish","type":"post","link":"https:\/\/bernhard-fiedler.at\/weblog\/?p=4058","title":{"rendered":"Terminplan"},"content":{"rendered":"<p style=\"text-align: center;\"><img decoding=\"async\" class=\"aligncenter size-full wp-image-1554\" style=\"border: 0px;\" title=\"Beginn der Umf\u00e4rbung beim Zweigelt\" src=\"https:\/\/bernhard-fiedler.at\/weblog\/wp-content\/uploads\/2009\/07\/umfarbung1-komprimiert.jpg\" alt=\"Beginn der Umf\u00e4rbung beim Zweigelt\" \/><\/p>\n<p>Auch wenn wir nach der Reife der Trauben und nicht (wie immer noch manche Weinbauern) nach dem Kalender ernten, versuchen wir m\u00f6glichst fr\u00fch einen\u00a0groben Termin f\u00fcr die Weinlese zu erstellen.<\/p>\n<p>Immerhin liegt zwischen ganz fr\u00fchen und recht sp\u00e4ten Jahrg\u00e4ngen\u00a0ein Monat Entwicklungsunterschied, und nur eine rechtzeitige Planung macht eine gut vorbereitete Ernte mit ausreichend verf\u00fcgbaren Helfern m\u00f6glich.<\/p>\n<p>Das 2011 ein fr\u00fches Jahr werden k\u00f6nnte, hat sich ja schon bei <a href=\"https:\/\/bernhard-fiedler.at\/weblog\/?p=3935\">der Bl\u00fcte im Mai<\/a> abgezeichnet, und\u00a0mit jeder Woche, die seither vergangen ist, hat diese Prognose an Zuverl\u00e4ssigkeit gewonnen.<\/p>\n<p>Der recht genau definierbare Zeitpunkt der ersten Umf\u00e4rbung beim Zweigelt Mitte dieser Woche macht nun auch einen ganz konkreten Vergleich mit anderen Jahren m\u00f6glich.<\/p>\n<p>Bis zur Lese kann zwar noch allerhand passieren, aber wie nicht zuletzt <a href=\"https:\/\/bernhard-fiedler.at\/weblog\/?p=51\">die Erfahrungen des Jahres 2006<\/a> zeigen, spielt die Dauer des Reifeprozesses mindestens eine ebensogro\u00dfe Rolle wie das Wetter dabei.<\/p>\n<p>Deshalb rechnen wir heuer vorerst mit einem Erntebeginn rund um den 10. September, bleiben aber\u00a0nat\u00fcrlich\u00a0sowohl nach vorne wie auch nach hinten flexibel.<\/p>\n","protected":false},"excerpt":{"rendered":"<p>Auch wenn wir nach der Reife der Trauben und nicht (wie immer noch manche Weinbauern) nach dem Kalender ernten, versuchen wir m\u00f6glichst fr\u00fch einen\u00a0groben Termin f\u00fcr die Weinlese zu erstellen. Immerhin liegt zwischen ganz fr\u00fchen und recht sp\u00e4ten Jahrg\u00e4ngen\u00a0ein Monat Entwicklungsunterschied, und nur eine rechtzeitige Planung macht eine gut vorbereitete Ernte mit ausreichend verf\u00fcgbaren Helfern &#8230; <a title=\"Terminplan\" class=\"read-more\" href=\"https:\/\/bernhard-fiedler.at\/weblog\/?p=4058\" aria-label=\"Mehr Informationen \u00fcber Terminplan\">Weiterlesen<\/a><\/p>\n","protected":false},"author":2,"featured_media":0,"comment_status":"open","ping_status":"open","sticky":false,"template":"","format":"standard","meta":{"footnotes":""},"categories":[3],"tags":[],"class_list":["post-4058","post","type-post","status-publish","format-standard","hentry","category-im-weingarten"],"_links":{"self":[{"href":"https:\/\/bernhard-fiedler.at\/weblog\/index.php?rest_route=\/wp\/v2\/posts\/4058","targetHints":{"allow":["GET"]}}],"collection":[{"href":"https:\/\/bernhard-fiedler.at\/weblog\/index.php?rest_route=\/wp\/v2\/posts"}],"about":[{"href":"https:\/\/bernhard-fiedler.at\/weblog\/index.php?rest_route=\/wp\/v2\/types\/post"}],"author":[{"embeddable":true,"href":"https:\/\/bernhard-fiedler.at\/weblog\/index.php?rest_route=\/wp\/v2\/users\/2"}],"replies":[{"embeddable":true,"href":"https:\/\/bernhard-fiedler.at\/weblog\/index.php?rest_route=%2Fwp%2Fv2%2Fcomments&post=4058"}],"version-history":[{"count":6,"href":"https:\/\/bernhard-fiedler.at\/weblog\/index.php?rest_route=\/wp\/v2\/posts\/4058\/revisions"}],"predecessor-version":[{"id":4064,"href":"https:\/\/bernhard-fiedler.at\/weblog\/index.php?rest_route=\/wp\/v2\/posts\/4058\/revisions\/4064"}],"wp:attachment":[{"href":"https:\/\/bernhard-fiedler.at\/weblog\/index.php?rest_route=%2Fwp%2Fv2%2Fmedia&parent=4058"}],"wp:term":[{"taxonomy":"category","embeddable":true,"href":"https:\/\/bernhard-fiedler.at\/weblog\/index.php?rest_route=%2Fwp%2Fv2%2Fcategories&post=4058"},{"taxonomy":"post_tag","embeddable":true,"href":"https:\/\/bernhard-fiedler.at\/weblog\/index.php?rest_route=%2Fwp%2Fv2%2Ftags&post=4058"}],"curies":[{"name":"wp","href":"https:\/\/api.w.org\/{rel}","templated":true}]}}