{"id":3905,"date":"2011-05-16T22:10:56","date_gmt":"2011-05-16T21:10:56","guid":{"rendered":"http:\/\/www.bernhard-fiedler.at\/weblog\/?p=3905"},"modified":"2011-05-16T22:10:56","modified_gmt":"2011-05-16T21:10:56","slug":"blindverkoster-sind-auch-nur-menschen-12","status":"publish","type":"post","link":"https:\/\/bernhard-fiedler.at\/weblog\/?p=3905","title":{"rendered":"Blindverkoster sind auch nur Menschen (12)"},"content":{"rendered":"<p style=\"text-align: center;\"><img loading=\"lazy\" decoding=\"async\" class=\"aligncenter size-full wp-image-2551\" style=\"border: 0px;\" title=\"Foto: steve.haider.com\" src=\"https:\/\/bernhard-fiedler.at\/weblog\/wp-content\/uploads\/2010\/03\/Rotweinglas-komprimiert.jpg\" alt=\"Foto: steve.haider.com\" width=\"508\" height=\"337\" srcset=\"https:\/\/bernhard-fiedler.at\/weblog\/wp-content\/uploads\/2010\/03\/Rotweinglas-komprimiert.jpg 508w, https:\/\/bernhard-fiedler.at\/weblog\/wp-content\/uploads\/2010\/03\/Rotweinglas-komprimiert-300x199.jpg 300w\" sizes=\"auto, (max-width: 508px) 100vw, 508px\" \/><\/p>\n<p>Auch die ge\u00fcbtesten (Blind-)Verkoster sind nur Menschen. Und den besten von ihnen ist immer bewu\u00dft, dass irren zum Menschsein dazugeh\u00f6rt und es in (Wein-)Geschmacksfragen niemals eine richtige, eine alleing\u00fcltige Meinung geben kann.<\/p>\n<p>Verkostungserlebnisse, die mich daran erinnern, z\u00e4hlen deshalb zu meinen wichtigsten Erfahrungen:<\/p>\n<p><!--more--><\/p>\n<p><strong>Hinter die Fassade<\/strong><\/p>\n<p>Vor ein paar Wochen haben wir im Rahmen einer Verkostungsrunde wieder einmal versucht, die Bewertungen zahlreicher heimischer Spitzenrotweine nachzuvollziehen.<\/p>\n<p>Auf dem Programm stand diesmal der Jahrgang 2008, der zwar als schwierig beschrieben wird, dessen Spitzenvertreter aber trotzdem in vielen Publikationen mit \u00e4hnlich hohen Punktewerten bedacht wurden, wie in den Jahren davor.<\/p>\n<p>Obwohl das manche Teilnehmer an der Verkostung anders sehen, halte ich es mittlerweile f\u00fcr m\u00fc\u00dfig, diese medialen Bewertungen im einzelnen zu diskutieren. Spielt doch bei der Unterscheidung von h\u00f6herwertigen Weinen die Frage der Qualit\u00e4t eine vergleichsweise geringe, und die Frage des Stils eine recht gro\u00dfe Rolle.<\/p>\n<p>Letzterer ist aber noch viel mehr eine Frage des pers\u00f6nlichen Geschmacks und l\u00e4\u00dft sich noch viel weniger objektiv beurteilen. Und dass die heimischen Rotweine seit einigen Jahren von einer gro\u00dfen stilistischen Vielfalt gepr\u00e4gt sind, macht die Sache nicht einfacher.<\/p>\n<p>Dementsprechend breit gestreut waren die Meinungen zu den verschiedenen Prototypen in unserer Verkostung. Die einen erfreuten sich an den feingliedrig-eleganten, die anderen an den kraftvoll-kantigen.<\/p>\n<p>Wirklich einig war man sich nur in ganz wenigen F\u00e4llen. Dann n\u00e4mlich, wenn beim \u00dcberschminken des eher bescheidenen Rohmaterials zu dick aufgetragen wurde: Mit offensichtlichem Restzucker, kitschigem Holz oder diversen Konzentrationsverfahren und entsprechend deutlichen unreifen Aromen und Tanninen.<\/p>\n<p>Wie es scheint, lassen sich Produzenten davon in der Blindverkostung weniger t\u00e4uschen, als andere Verkoster.<\/p>\n<p><a href=\"https:\/\/bernhard-fiedler.at\/weblog\/?s=Blindverkoster+sind+auch+nur+Menschen\">Hier<\/a> <em>geht\u00b4s zu allen Folgen dieser Serie.<\/em><\/p>\n","protected":false},"excerpt":{"rendered":"<p>Auch die ge\u00fcbtesten (Blind-)Verkoster sind nur Menschen. Und den besten von ihnen ist immer bewu\u00dft, dass irren zum Menschsein dazugeh\u00f6rt und es in (Wein-)Geschmacksfragen niemals eine richtige, eine alleing\u00fcltige Meinung geben kann. Verkostungserlebnisse, die mich daran erinnern, z\u00e4hlen deshalb zu meinen wichtigsten Erfahrungen:<\/p>\n","protected":false},"author":2,"featured_media":0,"comment_status":"open","ping_status":"open","sticky":false,"template":"","format":"standard","meta":{"footnotes":""},"categories":[6],"tags":[],"class_list":["post-3905","post","type-post","status-publish","format-standard","hentry","category-im-glas"],"_links":{"self":[{"href":"https:\/\/bernhard-fiedler.at\/weblog\/index.php?rest_route=\/wp\/v2\/posts\/3905","targetHints":{"allow":["GET"]}}],"collection":[{"href":"https:\/\/bernhard-fiedler.at\/weblog\/index.php?rest_route=\/wp\/v2\/posts"}],"about":[{"href":"https:\/\/bernhard-fiedler.at\/weblog\/index.php?rest_route=\/wp\/v2\/types\/post"}],"author":[{"embeddable":true,"href":"https:\/\/bernhard-fiedler.at\/weblog\/index.php?rest_route=\/wp\/v2\/users\/2"}],"replies":[{"embeddable":true,"href":"https:\/\/bernhard-fiedler.at\/weblog\/index.php?rest_route=%2Fwp%2Fv2%2Fcomments&post=3905"}],"version-history":[{"count":6,"href":"https:\/\/bernhard-fiedler.at\/weblog\/index.php?rest_route=\/wp\/v2\/posts\/3905\/revisions"}],"predecessor-version":[{"id":4397,"href":"https:\/\/bernhard-fiedler.at\/weblog\/index.php?rest_route=\/wp\/v2\/posts\/3905\/revisions\/4397"}],"wp:attachment":[{"href":"https:\/\/bernhard-fiedler.at\/weblog\/index.php?rest_route=%2Fwp%2Fv2%2Fmedia&parent=3905"}],"wp:term":[{"taxonomy":"category","embeddable":true,"href":"https:\/\/bernhard-fiedler.at\/weblog\/index.php?rest_route=%2Fwp%2Fv2%2Fcategories&post=3905"},{"taxonomy":"post_tag","embeddable":true,"href":"https:\/\/bernhard-fiedler.at\/weblog\/index.php?rest_route=%2Fwp%2Fv2%2Ftags&post=3905"}],"curies":[{"name":"wp","href":"https:\/\/api.w.org\/{rel}","templated":true}]}}