{"id":3863,"date":"2011-05-06T21:08:24","date_gmt":"2011-05-06T20:08:24","guid":{"rendered":"http:\/\/www.bernhard-fiedler.at\/weblog\/?p=3863"},"modified":"2011-05-06T21:08:24","modified_gmt":"2011-05-06T20:08:24","slug":"verfruhte-eismanner","status":"publish","type":"post","link":"https:\/\/bernhard-fiedler.at\/weblog\/?p=3863","title":{"rendered":"Verfr\u00fchte Eism\u00e4nner"},"content":{"rendered":"<p style=\"text-align: center;\"><img loading=\"lazy\" decoding=\"async\" class=\"size-full wp-image-3864 aligncenter\" style=\"border: 0px;\" title=\"Gl\u00fcck gehabt!\" src=\"https:\/\/bernhard-fiedler.at\/weblog\/wp-content\/uploads\/2011\/05\/Austrieb-2-bearbeitet.jpg\" alt=\"Gl\u00fcck gehabt!\" width=\"508\" height=\"279\" srcset=\"https:\/\/bernhard-fiedler.at\/weblog\/wp-content\/uploads\/2011\/05\/Austrieb-2-bearbeitet.jpg 508w, https:\/\/bernhard-fiedler.at\/weblog\/wp-content\/uploads\/2011\/05\/Austrieb-2-bearbeitet-300x164.jpg 300w\" sizes=\"auto, (max-width: 508px) 100vw, 508px\" \/><\/p>\n<p>In den letzten N\u00e4chten ist es ziemlich kalt geworden, womit sich die alte Bauernweisheit bewahrheitet, dass man erst nach den <a href=\"http:\/\/de.wikipedia.org\/wiki\/Eisheilige\">Eism\u00e4nnern<\/a> Mitte Mai wirklich vor Sp\u00e4tfr\u00f6sten gefeit ist.<\/p>\n<p>Wie <a href=\"https:\/\/bernhard-fiedler.at\/weblog\/?p=3482\">hier<\/a> beschrieben, reichen nach dem Austrieb der Reben schon Temperaturen knapp unter dem Gefrierpunkt, um das frische Gr\u00fcn zu zerst\u00f6ren.<\/p>\n<p>Bei uns in M\u00f6rbisch sind solche Sch\u00e4den zum Gl\u00fcck \u00e4u\u00dferst selten, da der Neusiedlersee auch schon im Fr\u00fchjahr nachts fast immer gen\u00fcgend W\u00e4rme abgibt, um die Temperaturen positiv zu halten. Wenn es aber doch einmal zu kalt wird, sind die Sch\u00e4den bei uns\u00a0in der Regel besonders gro\u00df, weil der Austrieb meist weiter fortgeschritten ist, als in gr\u00f6\u00dferer Entfernung vom See.<\/p>\n<p>Die aktuelle K\u00e4lteperiode hat unseren Reben nichts ausgemacht, aber schon auf der seeabgewandten Seite unseres H\u00fcgellandes findet man vereinzelt erforene Triebe und auch anderswo in \u00d6sterreich scheint es punktuelle Sch\u00e4den zu geben.<\/p>\n<p>Besonders schlimm hat es die Kollegen in Deutschland erwischt. <a href=\"http:\/\/www.steffens-kess.de\/cms\/blog\/\">Harald Steffens<\/a>\u00a0berichtet <a href=\"http:\/\/www.steffens-kess.de\/cms\/2011\/05\/02\/sorgen\/\">hier<\/a> von kleineren Sch\u00e4den an der Mosel, Dirk W\u00fcrz <a href=\"http:\/\/wuertz-wein.de\/wordpress\/2011\/05\/04\/die-nacht-in-der-der-frost-kam\/\">schreibt<\/a> in seinem <a href=\"http:\/\/wuertz-wein.de\">Blog<\/a> \u00fcber Totalausf\u00e4lle in Rheinhessen und in <a href=\"http:\/\/www.dasweinforum.de\/viewtopic.php?f=7&amp;t=800\">dieser<\/a> Diskussion im <a href=\"http:\/\/www.dasweinforum.de\">Weinforum<\/a> ist von mehreren tausend Hektar in Rheinhessen, Pfalz und Franken die Rede.<\/p>\n","protected":false},"excerpt":{"rendered":"<p>In den letzten N\u00e4chten ist es ziemlich kalt geworden, womit sich die alte Bauernweisheit bewahrheitet, dass man erst nach den Eism\u00e4nnern Mitte Mai wirklich vor Sp\u00e4tfr\u00f6sten gefeit ist. Wie hier beschrieben, reichen nach dem Austrieb der Reben schon Temperaturen knapp unter dem Gefrierpunkt, um das frische Gr\u00fcn zu zerst\u00f6ren. Bei uns in M\u00f6rbisch sind solche &#8230; <a title=\"Verfr\u00fchte Eism\u00e4nner\" class=\"read-more\" href=\"https:\/\/bernhard-fiedler.at\/weblog\/?p=3863\" aria-label=\"Mehr Informationen \u00fcber Verfr\u00fchte Eism\u00e4nner\">Weiterlesen<\/a><\/p>\n","protected":false},"author":2,"featured_media":0,"comment_status":"open","ping_status":"open","sticky":false,"template":"","format":"standard","meta":{"footnotes":""},"categories":[8],"tags":[],"class_list":["post-3863","post","type-post","status-publish","format-standard","hentry","category-das-wetter"],"_links":{"self":[{"href":"https:\/\/bernhard-fiedler.at\/weblog\/index.php?rest_route=\/wp\/v2\/posts\/3863","targetHints":{"allow":["GET"]}}],"collection":[{"href":"https:\/\/bernhard-fiedler.at\/weblog\/index.php?rest_route=\/wp\/v2\/posts"}],"about":[{"href":"https:\/\/bernhard-fiedler.at\/weblog\/index.php?rest_route=\/wp\/v2\/types\/post"}],"author":[{"embeddable":true,"href":"https:\/\/bernhard-fiedler.at\/weblog\/index.php?rest_route=\/wp\/v2\/users\/2"}],"replies":[{"embeddable":true,"href":"https:\/\/bernhard-fiedler.at\/weblog\/index.php?rest_route=%2Fwp%2Fv2%2Fcomments&post=3863"}],"version-history":[{"count":5,"href":"https:\/\/bernhard-fiedler.at\/weblog\/index.php?rest_route=\/wp\/v2\/posts\/3863\/revisions"}],"predecessor-version":[{"id":3869,"href":"https:\/\/bernhard-fiedler.at\/weblog\/index.php?rest_route=\/wp\/v2\/posts\/3863\/revisions\/3869"}],"wp:attachment":[{"href":"https:\/\/bernhard-fiedler.at\/weblog\/index.php?rest_route=%2Fwp%2Fv2%2Fmedia&parent=3863"}],"wp:term":[{"taxonomy":"category","embeddable":true,"href":"https:\/\/bernhard-fiedler.at\/weblog\/index.php?rest_route=%2Fwp%2Fv2%2Fcategories&post=3863"},{"taxonomy":"post_tag","embeddable":true,"href":"https:\/\/bernhard-fiedler.at\/weblog\/index.php?rest_route=%2Fwp%2Fv2%2Ftags&post=3863"}],"curies":[{"name":"wp","href":"https:\/\/api.w.org\/{rel}","templated":true}]}}