{"id":3813,"date":"2011-04-19T21:18:47","date_gmt":"2011-04-19T20:18:47","guid":{"rendered":"http:\/\/www.bernhard-fiedler.at\/weblog\/?p=3813"},"modified":"2011-04-19T21:19:53","modified_gmt":"2011-04-19T20:19:53","slug":"intervitis-vienna","status":"publish","type":"post","link":"https:\/\/bernhard-fiedler.at\/weblog\/?p=3813","title":{"rendered":"Intervitis Vienna"},"content":{"rendered":"<p style=\"text-align: center;\"><img loading=\"lazy\" decoding=\"async\" class=\"aligncenter size-full wp-image-3814\" style=\"border: 0px;\" title=\"Intervitis 1\" src=\"https:\/\/bernhard-fiedler.at\/weblog\/wp-content\/uploads\/2011\/04\/Intervitis-1.jpg\" alt=\"Intervitis 1\" width=\"508\" height=\"286\" srcset=\"https:\/\/bernhard-fiedler.at\/weblog\/wp-content\/uploads\/2011\/04\/Intervitis-1.jpg 508w, https:\/\/bernhard-fiedler.at\/weblog\/wp-content\/uploads\/2011\/04\/Intervitis-1-300x168.jpg 300w\" sizes=\"auto, (max-width: 508px) 100vw, 508px\" \/><\/p>\n<p>Am vorletzten Wochenende ging der Wiener Ableger der Weinbau- und Kellertechnikmesse <a href=\"http:\/\/www.messe-stuttgart.de\/cms\/intervitis-vienna14_messe.0.html\">Intervitis<\/a> \u00fcber die B\u00fchne.<\/p>\n<p>Obwohl nur einen Bruchteil so gro\u00df wie <a href=\"http:\/\/winzerblog.de\/intervitis-interfructa-2010-2146\/\">das Stuttgarter Original<\/a>\u00a0 ist so eine Veranstaltung fast vor der Haust\u00fcr f\u00fcr sehr viele \u00f6sterreichische Weinbauern nat\u00fcrlich ein Pflichttermin. Dem Sprachengewirr auf der Messe nach, n\u00fctzten aber auch viele Kollegen aus den nord- bis s\u00fcd\u00f6stlichen Nachbarl\u00e4ndern die Gelegenheit, sich zu informieren.<\/p>\n<p>W\u00e4hrend die Messe in Sachen Kellertechnologie einen guten \u00dcberblick bot, war der Weinbau heuer zumindest f\u00fcr mein Gef\u00fchl relativ schwach vertreten. So fehlten z.B. die meisten Traktorenhersteller bzw. -importeure, die\u00a0normalerweise\u00a0sehr viel Aufmerksamkeit nicht nur der j\u00fcngsten Messebesucher auf sich ziehen.<\/p>\n<p>Da wir aber ohnehin <a href=\"https:\/\/bernhard-fiedler.at\/weblog\/?p=363\">gut motorisiert<\/a> sind, richtete sich meine Aufmerksamkeit sowieso auf ganz andere Bereiche.<\/p>\n<p><!--more--><\/p>\n<p style=\"text-align: center;\"><img loading=\"lazy\" decoding=\"async\" class=\"aligncenter size-full wp-image-3816\" style=\"border: 0px;\" title=\"Intervitis 2\" src=\"https:\/\/bernhard-fiedler.at\/weblog\/wp-content\/uploads\/2011\/04\/Intervitis-2.jpg\" alt=\"Intervitis 2\" width=\"508\" height=\"286\" srcset=\"https:\/\/bernhard-fiedler.at\/weblog\/wp-content\/uploads\/2011\/04\/Intervitis-2.jpg 508w, https:\/\/bernhard-fiedler.at\/weblog\/wp-content\/uploads\/2011\/04\/Intervitis-2-300x168.jpg 300w\" sizes=\"auto, (max-width: 508px) 100vw, 508px\" \/><\/p>\n<p>So denke ich z.B. schon l\u00e4nger \u00fcber die Anschaffung eines M\u00e4hger\u00e4tes nach, da die Begr\u00fcnung unserer B\u00f6den einen immer st\u00e4rkeren Stellenwert bekommt, und der derzeit verwendete Mulcher kein ideales Endresultat liefert. Obiges Ger\u00e4t w\u00e4re sogar in der Lage mittels Schwenkarm bis unter die Rebst\u00f6cke zu m\u00e4hen.<\/p>\n<p>Au\u00dferdem habe ich mit dem Sammeln von Infos \u00fcber Verbesserungen im Bereich der Trauben\u00fcbernahme begonnen. Unser derzeitiges Pre\u00dfhaus st\u00f6\u00dft n\u00e4mlich immer wieder an seine Kapazit\u00e4tsgrenzen und fordert mehr Arbeitsaufwand, als bei optimalen Platzverh\u00e4ltnissen notwendig.<\/p>\n<p>Gerade w\u00e4hrend der Weinlese ist die Zeit des Kellermeisters aber noch kostbarer als sonst, und k\u00f6nnte an anderer Stelle in die eine oder andere kleine zus\u00e4tzliche Qualit\u00e4tsverbesserung investiert werden. Oder in ein paar Minuten mehr Lebensqualit\u00e4t auch w\u00e4hrend der hektischsten Zeit des Weinjahres.<\/p>\n<p>Deshalb werden wir in zwei bis drei Jahren wohl in diesem Bereich aktiv werden, und weil es dabei um ein paar Euro mehr geht, als bei einem neuen M\u00e4her, will die Entscheidung gut und lange vorbereitet sein.<\/p>\n<p>Eine neue Presse werden wir zwar nicht kaufen (und schon gar nicht in dieser Gr\u00f6\u00dfe), aber an dieser konnte ich einfach nicht vorbeigehen, ohne sie zu fotografieren.<\/p>\n<p><img loading=\"lazy\" decoding=\"async\" style=\"border: 0px;\" title=\"Intervitis 3\" src=\"https:\/\/bernhard-fiedler.at\/weblog\/wp-content\/uploads\/2011\/04\/Intervitis-3.jpg\" alt=\"Intervitis 3\" width=\"508\" height=\"286\" \/><\/p>\n","protected":false},"excerpt":{"rendered":"<p>Am vorletzten Wochenende ging der Wiener Ableger der Weinbau- und Kellertechnikmesse Intervitis \u00fcber die B\u00fchne. Obwohl nur einen Bruchteil so gro\u00df wie das Stuttgarter Original\u00a0 ist so eine Veranstaltung fast vor der Haust\u00fcr f\u00fcr sehr viele \u00f6sterreichische Weinbauern nat\u00fcrlich ein Pflichttermin. Dem Sprachengewirr auf der Messe nach, n\u00fctzten aber auch viele Kollegen aus den nord- &#8230; <a title=\"Intervitis Vienna\" class=\"read-more\" href=\"https:\/\/bernhard-fiedler.at\/weblog\/?p=3813\" aria-label=\"Mehr Informationen \u00fcber Intervitis Vienna\">Weiterlesen<\/a><\/p>\n","protected":false},"author":2,"featured_media":0,"comment_status":"open","ping_status":"open","sticky":false,"template":"","format":"standard","meta":{"footnotes":""},"categories":[9],"tags":[],"class_list":["post-3813","post","type-post","status-publish","format-standard","hentry","category-sonstige-weinberichte"],"_links":{"self":[{"href":"https:\/\/bernhard-fiedler.at\/weblog\/index.php?rest_route=\/wp\/v2\/posts\/3813","targetHints":{"allow":["GET"]}}],"collection":[{"href":"https:\/\/bernhard-fiedler.at\/weblog\/index.php?rest_route=\/wp\/v2\/posts"}],"about":[{"href":"https:\/\/bernhard-fiedler.at\/weblog\/index.php?rest_route=\/wp\/v2\/types\/post"}],"author":[{"embeddable":true,"href":"https:\/\/bernhard-fiedler.at\/weblog\/index.php?rest_route=\/wp\/v2\/users\/2"}],"replies":[{"embeddable":true,"href":"https:\/\/bernhard-fiedler.at\/weblog\/index.php?rest_route=%2Fwp%2Fv2%2Fcomments&post=3813"}],"version-history":[{"count":4,"href":"https:\/\/bernhard-fiedler.at\/weblog\/index.php?rest_route=\/wp\/v2\/posts\/3813\/revisions"}],"predecessor-version":[{"id":3820,"href":"https:\/\/bernhard-fiedler.at\/weblog\/index.php?rest_route=\/wp\/v2\/posts\/3813\/revisions\/3820"}],"wp:attachment":[{"href":"https:\/\/bernhard-fiedler.at\/weblog\/index.php?rest_route=%2Fwp%2Fv2%2Fmedia&parent=3813"}],"wp:term":[{"taxonomy":"category","embeddable":true,"href":"https:\/\/bernhard-fiedler.at\/weblog\/index.php?rest_route=%2Fwp%2Fv2%2Fcategories&post=3813"},{"taxonomy":"post_tag","embeddable":true,"href":"https:\/\/bernhard-fiedler.at\/weblog\/index.php?rest_route=%2Fwp%2Fv2%2Ftags&post=3813"}],"curies":[{"name":"wp","href":"https:\/\/api.w.org\/{rel}","templated":true}]}}