{"id":379,"date":"2007-10-17T19:35:29","date_gmt":"2007-10-17T18:35:29","guid":{"rendered":"http:\/\/www.bernhard-fiedler.at\/weblog\/?p=379"},"modified":"2007-10-17T19:36:02","modified_gmt":"2007-10-17T18:36:02","slug":"boulevard-wetter","status":"publish","type":"post","link":"https:\/\/bernhard-fiedler.at\/weblog\/?p=379","title":{"rendered":"Boulevard-Wetter"},"content":{"rendered":"<p>Nachdem ich <a href=\"https:\/\/bernhard-fiedler.at\/weblog\/?p=294\">hier<\/a> schon einmal \u00fcber einen \u00e4hnlichen Fall berichtet habe, bin ich gestern in der Printausgabe der Tageszeitung &#8222;<a href=\"http:\/\/www.oe24.at\/zeitung\/\">\u00d6sterreich<\/a>&#8220; in Sachen Wetter erneut auf eine etwas eigenwillige Interpretation von Expertenaussagen durch Journalisten gesto\u00dfen:<\/p>\n<p><strong>Heuer wird\u00b4s kalt!<br \/>\nEndlich wei\u00dfer Winter, Schnee ab November<\/strong><\/p>\n<p>So titelt &#8222;\u00d6sterreich&#8220; auf der ersten Seite, um auf Seite 5 dann (unter anderem) nachzulegen: &#8222;Heuer k\u00f6nnen Ski-Orte auf Schnee setzen&#8220;.<\/p>\n<p>Liest man aber auf der gleichen Seite das Interview mit Ernest Rudel, dem Chefklimatologen der <a href=\"http:\/\/www.zamg.ac.at\/\">ZAMG<\/a>, dann fragt man sich, wie die Zeitungsmacher zu diesen Meldungen kommen. Der Experte sagt n\u00e4mlich: <!--more--><\/p>\n<p><em>&#8222;Die Modelle zeigen keinen besonders strengen Winter. Die Temperaturen k\u00f6nnten zirka einen halben Grad <strong>\u00fcber<\/strong> <\/em>(Hervorhebung von mir) <em>dem langj\u00e4hrigen Durchschnitt liegen. Es kann sogar sein, da\u00df wir hin und wieder \u00fcber das eher milde Wetter st\u00f6hnen werden. Aber da wir im letzten Winter mit hohen Temperaturen verw\u00f6hnt wurden, wird uns der heurige Winter sehr kalt vorkommen.&#8220;<\/p>\n<p>&#8222;Ab Ende November k\u00f6nnen wir mit Schneefall rechnen. In den Niederungen ist das nat\u00fcrlich nur eine kurze Episode, der Schnee bleibt nicht l\u00e4nger als ein paar Tage liegen. Am Berg kann die Schneedecke aber durchaus bis zum Fr\u00fchjahr halten.&#8220;<\/em><\/p>\n<p>Abgesehen davon, da\u00df diese Aussagen mit den Schlagzeilen wenig gemeinsam haben, h\u00e4lt sich auch der Neuigkeitswert dieser Prognose in sehr \u00fcberschaubaren Grenzen.<\/p>\n<p>Ab Ende November k\u00f6nnen wir jeden Winter mit Schneefall rechnen, der aber in den Niederungen fast jeden Winter nur ein paar Tage liegen bleibt, w\u00e4hrend die Schneedecke am Berg jeden Winter bis zum Fr\u00fchjahr h\u00e4lt (wenn auch nicht immer durchgehend).<\/p>\n<p>Es w\u00e4re interessant zu wissen, ob die Prognose f\u00fcr den vergangenen Winter \u00e4hnlich pr\u00e4zise (und treffend) ausgefallen ist.<\/p>\n","protected":false},"excerpt":{"rendered":"<p>Nachdem ich hier schon einmal \u00fcber einen \u00e4hnlichen Fall berichtet habe, bin ich gestern in der Printausgabe der Tageszeitung &#8222;\u00d6sterreich&#8220; in Sachen Wetter erneut auf eine etwas eigenwillige Interpretation von Expertenaussagen durch Journalisten gesto\u00dfen: Heuer wird\u00b4s kalt! Endlich wei\u00dfer Winter, Schnee ab November So titelt &#8222;\u00d6sterreich&#8220; auf der ersten Seite, um auf Seite 5 dann &#8230; <a title=\"Boulevard-Wetter\" class=\"read-more\" href=\"https:\/\/bernhard-fiedler.at\/weblog\/?p=379\" aria-label=\"Mehr Informationen \u00fcber Boulevard-Wetter\">Weiterlesen<\/a><\/p>\n","protected":false},"author":2,"featured_media":0,"comment_status":"open","ping_status":"open","sticky":false,"template":"","format":"standard","meta":{"footnotes":""},"categories":[8],"tags":[],"class_list":["post-379","post","type-post","status-publish","format-standard","hentry","category-das-wetter"],"_links":{"self":[{"href":"https:\/\/bernhard-fiedler.at\/weblog\/index.php?rest_route=\/wp\/v2\/posts\/379","targetHints":{"allow":["GET"]}}],"collection":[{"href":"https:\/\/bernhard-fiedler.at\/weblog\/index.php?rest_route=\/wp\/v2\/posts"}],"about":[{"href":"https:\/\/bernhard-fiedler.at\/weblog\/index.php?rest_route=\/wp\/v2\/types\/post"}],"author":[{"embeddable":true,"href":"https:\/\/bernhard-fiedler.at\/weblog\/index.php?rest_route=\/wp\/v2\/users\/2"}],"replies":[{"embeddable":true,"href":"https:\/\/bernhard-fiedler.at\/weblog\/index.php?rest_route=%2Fwp%2Fv2%2Fcomments&post=379"}],"version-history":[{"count":0,"href":"https:\/\/bernhard-fiedler.at\/weblog\/index.php?rest_route=\/wp\/v2\/posts\/379\/revisions"}],"wp:attachment":[{"href":"https:\/\/bernhard-fiedler.at\/weblog\/index.php?rest_route=%2Fwp%2Fv2%2Fmedia&parent=379"}],"wp:term":[{"taxonomy":"category","embeddable":true,"href":"https:\/\/bernhard-fiedler.at\/weblog\/index.php?rest_route=%2Fwp%2Fv2%2Fcategories&post=379"},{"taxonomy":"post_tag","embeddable":true,"href":"https:\/\/bernhard-fiedler.at\/weblog\/index.php?rest_route=%2Fwp%2Fv2%2Ftags&post=379"}],"curies":[{"name":"wp","href":"https:\/\/api.w.org\/{rel}","templated":true}]}}