{"id":3788,"date":"2011-04-10T21:22:25","date_gmt":"2011-04-10T20:22:25","guid":{"rendered":"http:\/\/www.bernhard-fiedler.at\/weblog\/?p=3788"},"modified":"2011-04-10T21:22:25","modified_gmt":"2011-04-10T20:22:25","slug":"trocken","status":"publish","type":"post","link":"https:\/\/bernhard-fiedler.at\/weblog\/?p=3788","title":{"rendered":"Trocken"},"content":{"rendered":"<p style=\"text-align: center;\"><img loading=\"lazy\" decoding=\"async\" class=\"aligncenter size-full wp-image-3789\" style=\"border: 0px;\" title=\"Bodengesundung\" src=\"https:\/\/bernhard-fiedler.at\/weblog\/wp-content\/uploads\/2011\/04\/Bodengesundung.jpg\" alt=\"Bodengesundung\" width=\"508\" height=\"286\" srcset=\"https:\/\/bernhard-fiedler.at\/weblog\/wp-content\/uploads\/2011\/04\/Bodengesundung.jpg 508w, https:\/\/bernhard-fiedler.at\/weblog\/wp-content\/uploads\/2011\/04\/Bodengesundung-300x168.jpg 300w\" sizes=\"auto, (max-width: 508px) 100vw, 508px\" \/><\/p>\n<p>Wenn Landwirte und Weinbauern \u00fcbers Wetter reden, tun sie das nicht unbedingt, weil es ihnen an Gespr\u00e4chsthemen mangelt. Aber auch mit Jammern haben unsere meteorologischen Betrachtungen in der Regel weniger zu tun, als meiner Berufsgruppe manchmal unterstellt wird.<\/p>\n<p>Das Wetter\u00a0pr\u00e4gt einfach viele unserer Entscheidungen und Arbeiten, und wird &#8211; auch wenn man es nicht \u00e4ndern kann &#8211; dementspechend intensiv beobachtet.<\/p>\n<p>Derzeit ist es zum Beispiel nach einer l\u00e4ngeren Regenpause\u00a0und ungew\u00f6hnlich hohen Temperaturen ziemlich trocken. Den sp\u00e4t austreibenden Weinreben mit ihren tiefen Wurzeln ist das ziemlich egal, aber f\u00fcr <a href=\"https:\/\/bernhard-fiedler.at\/weblog\/?p=3748\">die vor zwei Wochen ausges\u00e4ten Begr\u00fcnungspflanzen<\/a> g\u00e4be es zweifellos bessere Startbedingungen.<\/p>\n<p>Und weil der ausgetrocknete Boden derzeit auch nicht gelockert werden kann, wie eigentlich geplant, ziehen wir andere Arbeiten vor.<\/p>\n","protected":false},"excerpt":{"rendered":"<p>Wenn Landwirte und Weinbauern \u00fcbers Wetter reden, tun sie das nicht unbedingt, weil es ihnen an Gespr\u00e4chsthemen mangelt. Aber auch mit Jammern haben unsere meteorologischen Betrachtungen in der Regel weniger zu tun, als meiner Berufsgruppe manchmal unterstellt wird. Das Wetter\u00a0pr\u00e4gt einfach viele unserer Entscheidungen und Arbeiten, und wird &#8211; auch wenn man es nicht \u00e4ndern &#8230; <a title=\"Trocken\" class=\"read-more\" href=\"https:\/\/bernhard-fiedler.at\/weblog\/?p=3788\" aria-label=\"Mehr Informationen \u00fcber Trocken\">Weiterlesen<\/a><\/p>\n","protected":false},"author":2,"featured_media":0,"comment_status":"open","ping_status":"open","sticky":false,"template":"","format":"standard","meta":{"footnotes":""},"categories":[8],"tags":[],"class_list":["post-3788","post","type-post","status-publish","format-standard","hentry","category-das-wetter"],"_links":{"self":[{"href":"https:\/\/bernhard-fiedler.at\/weblog\/index.php?rest_route=\/wp\/v2\/posts\/3788","targetHints":{"allow":["GET"]}}],"collection":[{"href":"https:\/\/bernhard-fiedler.at\/weblog\/index.php?rest_route=\/wp\/v2\/posts"}],"about":[{"href":"https:\/\/bernhard-fiedler.at\/weblog\/index.php?rest_route=\/wp\/v2\/types\/post"}],"author":[{"embeddable":true,"href":"https:\/\/bernhard-fiedler.at\/weblog\/index.php?rest_route=\/wp\/v2\/users\/2"}],"replies":[{"embeddable":true,"href":"https:\/\/bernhard-fiedler.at\/weblog\/index.php?rest_route=%2Fwp%2Fv2%2Fcomments&post=3788"}],"version-history":[{"count":3,"href":"https:\/\/bernhard-fiedler.at\/weblog\/index.php?rest_route=\/wp\/v2\/posts\/3788\/revisions"}],"predecessor-version":[{"id":3792,"href":"https:\/\/bernhard-fiedler.at\/weblog\/index.php?rest_route=\/wp\/v2\/posts\/3788\/revisions\/3792"}],"wp:attachment":[{"href":"https:\/\/bernhard-fiedler.at\/weblog\/index.php?rest_route=%2Fwp%2Fv2%2Fmedia&parent=3788"}],"wp:term":[{"taxonomy":"category","embeddable":true,"href":"https:\/\/bernhard-fiedler.at\/weblog\/index.php?rest_route=%2Fwp%2Fv2%2Fcategories&post=3788"},{"taxonomy":"post_tag","embeddable":true,"href":"https:\/\/bernhard-fiedler.at\/weblog\/index.php?rest_route=%2Fwp%2Fv2%2Ftags&post=3788"}],"curies":[{"name":"wp","href":"https:\/\/api.w.org\/{rel}","templated":true}]}}