{"id":3779,"date":"2011-04-07T21:39:36","date_gmt":"2011-04-07T20:39:36","guid":{"rendered":"http:\/\/www.bernhard-fiedler.at\/weblog\/?p=3779"},"modified":"2011-04-07T21:40:07","modified_gmt":"2011-04-07T20:40:07","slug":"bodenstandige-betrachtungen-1-2","status":"publish","type":"post","link":"https:\/\/bernhard-fiedler.at\/weblog\/?p=3779","title":{"rendered":"Bodenst\u00e4ndige Betrachtungen (2)"},"content":{"rendered":"<p style=\"text-align: center;\"><img decoding=\"async\" class=\"aligncenter size-full wp-image-1422\" style=\"border: 0px;\" title=\"Naturbegr\u00fcnung\" src=\"https:\/\/bernhard-fiedler.at\/weblog\/wp-content\/uploads\/2009\/06\/naturbegrunung2-komprimiert.jpg\" alt=\"Naturbegr\u00fcnung\" \/><\/p>\n<p>Wie in <a href=\"https:\/\/bernhard-fiedler.at\/weblog\/?p=3767\">Teil 1<\/a>\u00a0beschrieben brachte oder beschleunigte das F\u00f6rderprogramm der integrierten Produktion ab 1995 in vielen Betrieben ein Umdenken in Sachen Bodenbearbeitung.<\/p>\n<p>Die erste und einfachste Modifikation dabei war der Verzicht auf eine gro\u00dffl\u00e4chige Bodenbearbeitung nach der Lese, um zumindest \u00fcber die Wintermonate und im Fr\u00fchjahr das Wachstum von Kr\u00e4utern und Gr\u00e4sern im Weingarten zuzulassen.<\/p>\n<p>Sp\u00e4testens dabei stellte sich allerdings heraus, dass die B\u00f6den mancher Betriebe durch das jahrzehngelange penible Offenhalten bereits so viel Fruchtbarkeit verloren hatten. Nicht selten entwickelt sich trotz des Verzichts auf die Bearbeitung nur eine sehr sp\u00e4rliche und l\u00fcckenhafte Gr\u00fcndecke.<\/p>\n<p>Betriebe denen ihr Boden auch schon vor dieser Wende am Herzen lag, haben hingegen in der Regel kein Problem, mit dem spontanen Naturbewuchs eine geschlossene Begr\u00fcnung zustande zu bringen.<\/p>\n<p><!--more--><\/p>\n<p>Um den durch die st\u00e4ndigen Traktorfahrten belasteten Boden ein wenig zu lockern und eine Konkurrenz f\u00fcr die Rebe w\u00e4hrend der \u00fcblicherweise trockenen Sommermonate zu vermeiden, wird diese Naturbegr\u00fcnung h\u00e4ufig ab Mai oder Juni umgebrochen und der Boden bis zum Beginn der Traubenreife offengehalten.<\/p>\n<p>Im Lauf der Jahre hat sich aber zumindest in unseren Weing\u00e4rten herausgestellt, dass sich die Reben gut an die neue Situation anpassen k\u00f6nnen. Aus diesem Grund sind wir mehr und mehr dazu \u00fcbergegangen, den Boden auch w\u00e4hrend des Sommers gr\u00fcn zu lassen. Und dank eines bereits 1995 angeschafften Bearbeitungsger\u00e4tes k\u00f6nnen wir unseren Boden lockern, ohne den Bewuchs v\u00f6llig zu zerst\u00f6ren.<\/p>\n<p>Die von vielen Seiten bef\u00fcrchteten Nachteile der Dauerbegr\u00fcnung in Form von gestre\u00dften Weinreben, die unter Trockenheit und N\u00e4hrstoffmangel leiden haben sich also bei uns nicht eingestellt. Die erhofften Vorteile des spontanen (d.h. auf von selbst wachsenden Pflanzen beruhenden) Bewuchses hingegen schon.<\/p>\n<p>So haben wir z.B. in den begr\u00fcnten Weing\u00e4rten keine <a href=\"https:\/\/bernhard-fiedler.at\/weblog\/?p=321\">Probleme mit der Erosion<\/a> mehr, und k\u00f6nnen sie nach Regen auch rascher und mit weniger Belastung f\u00fcr den Boden wieder befahren (wenn man von <a href=\"https:\/\/bernhard-fiedler.at\/weblog\/?p=1483\">dieser<\/a> extremen Ausnahme absieht).<\/p>\n<p>Dar\u00fcber hinaus stabilisiert die Begr\u00fcnung nat\u00fcrlich auch den Humusgehalt des Bodens und tr\u00e4gt damit zumindest zur Erhaltung und m\u00f6glicherweise sogar zur Verbesserung der Bodenfruchtbarkeit bei. Auf diesem Weg &#8222;finanzieren&#8220; sich die Pflanzen ihren Wasserbedarf sogar selbst, denn ein Prozent mehr Humus im Boden erh\u00f6ht dessen Wasserspeicherkapazit\u00e4t um 10 Prozent (wurde mir unl\u00e4ngst berichtet).<\/p>\n<p>Auch betriebswirtschaftlich gesehen ist die Naturbegr\u00fcnung eine gute Sache. Sie erfordert kein teures Saatgut und macht eigene Bodenbearbeitungsfahrten mit dem Traktor weitgehend obsolet, da das M\u00e4hen des Bewuchses gut mit anderen T\u00e4tigkeiten wie z.B. dem Laubschnitt zu kombinieren ist.<\/p>\n<p>Warum wir trotzdem an einer Umstellung unserer Bodenpflegestrategie arbeiten, erfahren Sie demn\u00e4chst.<\/p>\n","protected":false},"excerpt":{"rendered":"<p>Wie in Teil 1\u00a0beschrieben brachte oder beschleunigte das F\u00f6rderprogramm der integrierten Produktion ab 1995 in vielen Betrieben ein Umdenken in Sachen Bodenbearbeitung. Die erste und einfachste Modifikation dabei war der Verzicht auf eine gro\u00dffl\u00e4chige Bodenbearbeitung nach der Lese, um zumindest \u00fcber die Wintermonate und im Fr\u00fchjahr das Wachstum von Kr\u00e4utern und Gr\u00e4sern im Weingarten zuzulassen. &#8230; <a title=\"Bodenst\u00e4ndige Betrachtungen (2)\" class=\"read-more\" href=\"https:\/\/bernhard-fiedler.at\/weblog\/?p=3779\" aria-label=\"Mehr Informationen \u00fcber Bodenst\u00e4ndige Betrachtungen (2)\">Weiterlesen<\/a><\/p>\n","protected":false},"author":2,"featured_media":0,"comment_status":"open","ping_status":"open","sticky":false,"template":"","format":"standard","meta":{"footnotes":""},"categories":[3],"tags":[],"class_list":["post-3779","post","type-post","status-publish","format-standard","hentry","category-im-weingarten"],"_links":{"self":[{"href":"https:\/\/bernhard-fiedler.at\/weblog\/index.php?rest_route=\/wp\/v2\/posts\/3779","targetHints":{"allow":["GET"]}}],"collection":[{"href":"https:\/\/bernhard-fiedler.at\/weblog\/index.php?rest_route=\/wp\/v2\/posts"}],"about":[{"href":"https:\/\/bernhard-fiedler.at\/weblog\/index.php?rest_route=\/wp\/v2\/types\/post"}],"author":[{"embeddable":true,"href":"https:\/\/bernhard-fiedler.at\/weblog\/index.php?rest_route=\/wp\/v2\/users\/2"}],"replies":[{"embeddable":true,"href":"https:\/\/bernhard-fiedler.at\/weblog\/index.php?rest_route=%2Fwp%2Fv2%2Fcomments&post=3779"}],"version-history":[{"count":7,"href":"https:\/\/bernhard-fiedler.at\/weblog\/index.php?rest_route=\/wp\/v2\/posts\/3779\/revisions"}],"predecessor-version":[{"id":3786,"href":"https:\/\/bernhard-fiedler.at\/weblog\/index.php?rest_route=\/wp\/v2\/posts\/3779\/revisions\/3786"}],"wp:attachment":[{"href":"https:\/\/bernhard-fiedler.at\/weblog\/index.php?rest_route=%2Fwp%2Fv2%2Fmedia&parent=3779"}],"wp:term":[{"taxonomy":"category","embeddable":true,"href":"https:\/\/bernhard-fiedler.at\/weblog\/index.php?rest_route=%2Fwp%2Fv2%2Fcategories&post=3779"},{"taxonomy":"post_tag","embeddable":true,"href":"https:\/\/bernhard-fiedler.at\/weblog\/index.php?rest_route=%2Fwp%2Fv2%2Ftags&post=3779"}],"curies":[{"name":"wp","href":"https:\/\/api.w.org\/{rel}","templated":true}]}}