{"id":3759,"date":"2011-03-31T20:36:24","date_gmt":"2011-03-31T19:36:24","guid":{"rendered":"http:\/\/www.bernhard-fiedler.at\/weblog\/?p=3759"},"modified":"2011-03-31T20:36:24","modified_gmt":"2011-03-31T19:36:24","slug":"wieder-da","status":"publish","type":"post","link":"https:\/\/bernhard-fiedler.at\/weblog\/?p=3759","title":{"rendered":"Wieder da"},"content":{"rendered":"<p style=\"text-align: center;\"><img loading=\"lazy\" decoding=\"async\" class=\"aligncenter size-full wp-image-3760\" style=\"border: 0px;\" title=\"Storch\" src=\"https:\/\/bernhard-fiedler.at\/weblog\/wp-content\/uploads\/2011\/03\/Storch.jpg\" alt=\"Storch\" width=\"508\" height=\"332\" srcset=\"https:\/\/bernhard-fiedler.at\/weblog\/wp-content\/uploads\/2011\/03\/Storch.jpg 508w, https:\/\/bernhard-fiedler.at\/weblog\/wp-content\/uploads\/2011\/03\/Storch-300x196.jpg 300w\" sizes=\"auto, (max-width: 508px) 100vw, 508px\" \/><\/p>\n<p>In den letzten Tagen sind die St\u00f6rche von ihrem Winterurlaub in Afrika zur\u00fcckgekommen und st\u00e4rken sich t\u00e4glich ausgiebig am Fr\u00fchst\u00fccksbuffet:<\/p>\n<p><!--more--><\/p>\n<p style=\"text-align: center;\"><img loading=\"lazy\" decoding=\"async\" class=\"aligncenter size-full wp-image-3761\" style=\"border: 0px;\" title=\"Kr\u00f6tenzaun\" src=\"https:\/\/bernhard-fiedler.at\/weblog\/wp-content\/uploads\/2011\/03\/Kr\u00f6tenzaun.jpg\" alt=\"Kr\u00f6tenzaun\" width=\"508\" height=\"248\" srcset=\"https:\/\/bernhard-fiedler.at\/weblog\/wp-content\/uploads\/2011\/03\/Kr\u00f6tenzaun.jpg 508w, https:\/\/bernhard-fiedler.at\/weblog\/wp-content\/uploads\/2011\/03\/Kr\u00f6tenzaun-300x146.jpg 300w\" sizes=\"auto, (max-width: 508px) 100vw, 508px\" \/><\/p>\n<p>Entlang der Bundesstra\u00dfe nach M\u00f6rbisch wird jeden Fr\u00fchling \u00fcber mehrere Kilometer ein Amphibienschutzzaun errichtet, damit die zum Teil streng gesch\u00fctzten Kr\u00f6ten und Fr\u00f6sche auf ihrem Weg zu den Laichpl\u00e4tzen im Schilfg\u00fcrtel des Neusiedlersees nicht auf eigene Faust die Fahrbahn queren.<\/p>\n<p>Bei ihrer Suche nach einer L\u00fccke im Zaun plumpsen die Tiere in K\u00fcbel, die einmal t\u00e4glich von einem Mitarbeiter der Naturschutzabteilung \u00fcber die Stra\u00dfe getragen und auf der anderen Seite entleert werden.<\/p>\n<p>Nicht selten sind die St\u00f6rche aber am Morgen fr\u00fcher dran, und picken sich den einen oder anderen Leckerbissen aus den Beh\u00e4ltern, bevor die Amphibien auf die andere Seite getragen werden und dort im Gras Deckung suchen k\u00f6nnen.<\/p>\n","protected":false},"excerpt":{"rendered":"<p>In den letzten Tagen sind die St\u00f6rche von ihrem Winterurlaub in Afrika zur\u00fcckgekommen und st\u00e4rken sich t\u00e4glich ausgiebig am Fr\u00fchst\u00fccksbuffet:<\/p>\n","protected":false},"author":2,"featured_media":0,"comment_status":"open","ping_status":"open","sticky":false,"template":"","format":"standard","meta":{"footnotes":""},"categories":[1],"tags":[],"class_list":["post-3759","post","type-post","status-publish","format-standard","hentry","category-allgemein"],"_links":{"self":[{"href":"https:\/\/bernhard-fiedler.at\/weblog\/index.php?rest_route=\/wp\/v2\/posts\/3759","targetHints":{"allow":["GET"]}}],"collection":[{"href":"https:\/\/bernhard-fiedler.at\/weblog\/index.php?rest_route=\/wp\/v2\/posts"}],"about":[{"href":"https:\/\/bernhard-fiedler.at\/weblog\/index.php?rest_route=\/wp\/v2\/types\/post"}],"author":[{"embeddable":true,"href":"https:\/\/bernhard-fiedler.at\/weblog\/index.php?rest_route=\/wp\/v2\/users\/2"}],"replies":[{"embeddable":true,"href":"https:\/\/bernhard-fiedler.at\/weblog\/index.php?rest_route=%2Fwp%2Fv2%2Fcomments&post=3759"}],"version-history":[{"count":2,"href":"https:\/\/bernhard-fiedler.at\/weblog\/index.php?rest_route=\/wp\/v2\/posts\/3759\/revisions"}],"predecessor-version":[{"id":3763,"href":"https:\/\/bernhard-fiedler.at\/weblog\/index.php?rest_route=\/wp\/v2\/posts\/3759\/revisions\/3763"}],"wp:attachment":[{"href":"https:\/\/bernhard-fiedler.at\/weblog\/index.php?rest_route=%2Fwp%2Fv2%2Fmedia&parent=3759"}],"wp:term":[{"taxonomy":"category","embeddable":true,"href":"https:\/\/bernhard-fiedler.at\/weblog\/index.php?rest_route=%2Fwp%2Fv2%2Fcategories&post=3759"},{"taxonomy":"post_tag","embeddable":true,"href":"https:\/\/bernhard-fiedler.at\/weblog\/index.php?rest_route=%2Fwp%2Fv2%2Ftags&post=3759"}],"curies":[{"name":"wp","href":"https:\/\/api.w.org\/{rel}","templated":true}]}}