{"id":3748,"date":"2011-03-29T06:25:23","date_gmt":"2011-03-29T05:25:23","guid":{"rendered":"http:\/\/www.bernhard-fiedler.at\/weblog\/?p=3748"},"modified":"2011-03-29T06:25:23","modified_gmt":"2011-03-29T05:25:23","slug":"wir-pflugen-und-wir-streuen","status":"publish","type":"post","link":"https:\/\/bernhard-fiedler.at\/weblog\/?p=3748","title":{"rendered":"Wir pfl\u00fcgen und wir streuen"},"content":{"rendered":"<p style=\"TEXT-ALIGN: center\"><img loading=\"lazy\" decoding=\"async\" class=\"aligncenter size-full wp-image-3749\" style=\"border: 0px;\" title=\"Aussaat von Luzerne zur Bodengesundung\" src=\"https:\/\/bernhard-fiedler.at\/weblog\/wp-content\/uploads\/2011\/03\/S\u00e4maschine2.jpg\" alt=\"Aussaat von Luzerne zur Bodengesundung\" width=\"508\" height=\"249\" srcset=\"https:\/\/bernhard-fiedler.at\/weblog\/wp-content\/uploads\/2011\/03\/S\u00e4maschine2.jpg 508w, https:\/\/bernhard-fiedler.at\/weblog\/wp-content\/uploads\/2011\/03\/S\u00e4maschine2-300x147.jpg 300w\" sizes=\"auto, (max-width: 508px) 100vw, 508px\" \/><\/p>\n<p>In einem reinen Weinbaubetrieb wie dem unseren hat man nicht so oft mit der Saatbettvorbereitung und dem Auss\u00e4en zu tun. Umso mehr wird einem bewu\u00dft, welches Know-How hinter diesen &#8222;klassischen&#8220; b\u00e4uerlichen Arbeiten steckt, wenn man sich einmal selbst daran versucht.<\/p>\n<p>Nach einem ersten (bislang erfolgreichen) <a href=\"https:\/\/bernhard-fiedler.at\/weblog\/?p=3014\">Testlauf im Vorjahr<\/a> in unserer Junganlage am Goldberg haben wir in den letzten Tagen verschiedene S\u00e4mereien auf mehrere entsprechend vorbereitete Parzellen gestreut.<\/p>\n<p><!--more--><\/p>\n<p style=\"TEXT-ALIGN: center\"><img loading=\"lazy\" decoding=\"async\" class=\"aligncenter\" style=\"border-width: 0px;\" title=\"S\u00e4maschine\" src=\"https:\/\/bernhard-fiedler.at\/weblog\/wp-content\/uploads\/2011\/03\/S\u00e4maschine.jpg\" alt=\"S\u00e4maschine\" width=\"508\" height=\"313\" \/><\/p>\n<p>Bereits im Sommer 2010, als die Pl\u00e4ne zu einer \u00c4nderung unserer Begr\u00fcnungsstrategie konkreter wurden, hatten wir eine gebrauchte S\u00e4maschine angeschafft, und f\u00fcr unsere Zwecke (und Reihenbreiten) adaptiert. Nach anf\u00e4nglichen Einstellungsschwierigkeiten leistete das Ger\u00e4t heuer wie erhofft gute Dienste.<\/p>\n<p>Auf einer im Herbst gerodeten Parzelle, die eine l\u00e4ngere Bodengesundung ben\u00f6tigt, haben wir die Kleeart <a href=\"http:\/\/de.wikipedia.org\/wiki\/Luzerne\">Luzerne<\/a> angebaut. Sie soll\u00a0 im Lauf der mehrj\u00e4hrigen Standzeit den Boden mit ihren tiefgehenden Wurzeln lockern und mit dem abgem\u00e4hten und vor Ort verrottenden Gr\u00fcnwuchs mit Humus und N\u00e4hrstoffen anreichern.<\/p>\n<p>Ein kleineres Grundst\u00fcck, das nach der Rodung im Herbst schon im Fr\u00fchjahr 2012 wieder bepflanzt werden soll, wurde mit <a href=\"http:\/\/de.wikipedia.org\/wiki\/Gelbsenf\">Gelbsenf<\/a> bebaut. Der bringt in nur einem Jahr eine Menge Humus in den Boden und wirkt (hoffentlich) auch ein wenig gegen virus\u00fcbertragende <a href=\"http:\/\/de.wikipedia.org\/wiki\/Nematoden\">Fadenw\u00fcrmer<\/a> im Boden.<\/p>\n<p style=\"text-align: center;\"><img loading=\"lazy\" decoding=\"async\" class=\"aligncenter size-full wp-image-3755\" style=\"border: 0px;\" title=\"Saatbett Waldacker\" src=\"https:\/\/bernhard-fiedler.at\/weblog\/wp-content\/uploads\/2011\/03\/Saatbett-Waldacker.jpg\" alt=\"Saatbett Waldacker\" width=\"508\" height=\"269\" srcset=\"https:\/\/bernhard-fiedler.at\/weblog\/wp-content\/uploads\/2011\/03\/Saatbett-Waldacker.jpg 508w, https:\/\/bernhard-fiedler.at\/weblog\/wp-content\/uploads\/2011\/03\/Saatbett-Waldacker-300x158.jpg 300w\" sizes=\"auto, (max-width: 508px) 100vw, 508px\" \/><\/p>\n<p>In drei bestehenden Weing\u00e4rten haben wir schlie\u00dflich noch wie bereits vergangenen August in unserer Junganlage in jeder zweiten Reihe eine Begr\u00fcnungsmischung aus verschiedenen <a href=\"http:\/\/de.wikipedia.org\/wiki\/Klee\">Kleearten<\/a> und dem schnellwachsenden <a href=\"http:\/\/de.wikipedia.org\/wiki\/Leindotter\">Leindotter<\/a> ges\u00e4t.<\/p>\n<p>Glaubt man den <a href=\"http:\/\/www.saatbaulinz.at\/pra_showtermin.asp?id=135\">Aussagen des Herstellers<\/a>, bietet diese Zusammenstellung zahlreiche Vorteile, ohne den Reben bei Wassermangel all zu sehr in die Quere zu kommen.<\/p>\n<p><em>Infos zum Ursprung des Beitragstitels finden sie \u00fcbrigens<\/em> <a href=\"http:\/\/de.wikipedia.org\/wiki\/Wir_pfl%C3%BCgen_und_wir_streuen\">hier<\/a>.<\/p>\n","protected":false},"excerpt":{"rendered":"<p>In einem reinen Weinbaubetrieb wie dem unseren hat man nicht so oft mit der Saatbettvorbereitung und dem Auss\u00e4en zu tun. Umso mehr wird einem bewu\u00dft, welches Know-How hinter diesen &#8222;klassischen&#8220; b\u00e4uerlichen Arbeiten steckt, wenn man sich einmal selbst daran versucht. Nach einem ersten (bislang erfolgreichen) Testlauf im Vorjahr in unserer Junganlage am Goldberg haben wir &#8230; <a title=\"Wir pfl\u00fcgen und wir streuen\" class=\"read-more\" href=\"https:\/\/bernhard-fiedler.at\/weblog\/?p=3748\" aria-label=\"Mehr Informationen \u00fcber Wir pfl\u00fcgen und wir streuen\">Weiterlesen<\/a><\/p>\n","protected":false},"author":2,"featured_media":0,"comment_status":"open","ping_status":"open","sticky":false,"template":"","format":"standard","meta":{"footnotes":""},"categories":[3],"tags":[],"class_list":["post-3748","post","type-post","status-publish","format-standard","hentry","category-im-weingarten"],"_links":{"self":[{"href":"https:\/\/bernhard-fiedler.at\/weblog\/index.php?rest_route=\/wp\/v2\/posts\/3748","targetHints":{"allow":["GET"]}}],"collection":[{"href":"https:\/\/bernhard-fiedler.at\/weblog\/index.php?rest_route=\/wp\/v2\/posts"}],"about":[{"href":"https:\/\/bernhard-fiedler.at\/weblog\/index.php?rest_route=\/wp\/v2\/types\/post"}],"author":[{"embeddable":true,"href":"https:\/\/bernhard-fiedler.at\/weblog\/index.php?rest_route=\/wp\/v2\/users\/2"}],"replies":[{"embeddable":true,"href":"https:\/\/bernhard-fiedler.at\/weblog\/index.php?rest_route=%2Fwp%2Fv2%2Fcomments&post=3748"}],"version-history":[{"count":7,"href":"https:\/\/bernhard-fiedler.at\/weblog\/index.php?rest_route=\/wp\/v2\/posts\/3748\/revisions"}],"predecessor-version":[{"id":3758,"href":"https:\/\/bernhard-fiedler.at\/weblog\/index.php?rest_route=\/wp\/v2\/posts\/3748\/revisions\/3758"}],"wp:attachment":[{"href":"https:\/\/bernhard-fiedler.at\/weblog\/index.php?rest_route=%2Fwp%2Fv2%2Fmedia&parent=3748"}],"wp:term":[{"taxonomy":"category","embeddable":true,"href":"https:\/\/bernhard-fiedler.at\/weblog\/index.php?rest_route=%2Fwp%2Fv2%2Fcategories&post=3748"},{"taxonomy":"post_tag","embeddable":true,"href":"https:\/\/bernhard-fiedler.at\/weblog\/index.php?rest_route=%2Fwp%2Fv2%2Ftags&post=3748"}],"curies":[{"name":"wp","href":"https:\/\/api.w.org\/{rel}","templated":true}]}}