{"id":3740,"date":"2011-03-27T09:20:42","date_gmt":"2011-03-27T08:20:42","guid":{"rendered":"http:\/\/www.bernhard-fiedler.at\/weblog\/?p=3740"},"modified":"2011-03-27T09:20:42","modified_gmt":"2011-03-27T08:20:42","slug":"jetzt-ist-er-da","status":"publish","type":"post","link":"https:\/\/bernhard-fiedler.at\/weblog\/?p=3740","title":{"rendered":"Jetzt ist er da"},"content":{"rendered":"<p style=\"TEXT-ALIGN: center\"><img loading=\"lazy\" decoding=\"async\" class=\"aligncenter size-full wp-image-3741\" style=\"border: 0px;\" title=\"Mandelbl\u00fcte\" src=\"https:\/\/bernhard-fiedler.at\/weblog\/wp-content\/uploads\/2011\/03\/Mandelbl\u00fcte-bearbeitet.jpg\" alt=\"Mandelbl\u00fcte\" width=\"508\" height=\"350\" srcset=\"https:\/\/bernhard-fiedler.at\/weblog\/wp-content\/uploads\/2011\/03\/Mandelbl\u00fcte-bearbeitet.jpg 508w, https:\/\/bernhard-fiedler.at\/weblog\/wp-content\/uploads\/2011\/03\/Mandelbl\u00fcte-bearbeitet-300x206.jpg 300w\" sizes=\"auto, (max-width: 508px) 100vw, 508px\" \/><\/p>\n<p>Etwas schneller als <a href=\"https:\/\/bernhard-fiedler.at\/weblog\/?p=3664\">hier<\/a> erwartet hat vergangene Woche der Fr\u00fchling Einzug in unsere Weing\u00e4rten gehalten. Die Mandelb\u00e4ume bl\u00fchen seit einigen Tagen und ihr Nektar findet dankbare Abnehmer.<\/p>\n<p>Im Vergleich dazu sind die Weinreben richtige Langschl\u00e4fer. Sie erwachen erst ganz langsam aus\u00a0ihrer Winterruhe und vergie\u00dfen im Moment die eine oder andere Tr\u00e4ne \u00fcber das Ende ihrer Erholungspause.<\/p>\n<p>Wie das aussieht, kann man auf\u00a0<a href=\"http:\/\/www.steffens-kess.de\/cms\/2011\/03\/26\/winter-ade\/\">diesem<\/a> tollen Foto von Harald Steffens bewundern.<\/p>\n","protected":false},"excerpt":{"rendered":"<p>Etwas schneller als hier erwartet hat vergangene Woche der Fr\u00fchling Einzug in unsere Weing\u00e4rten gehalten. Die Mandelb\u00e4ume bl\u00fchen seit einigen Tagen und ihr Nektar findet dankbare Abnehmer. Im Vergleich dazu sind die Weinreben richtige Langschl\u00e4fer. Sie erwachen erst ganz langsam aus\u00a0ihrer Winterruhe und vergie\u00dfen im Moment die eine oder andere Tr\u00e4ne \u00fcber das Ende ihrer &#8230; <a title=\"Jetzt ist er da\" class=\"read-more\" href=\"https:\/\/bernhard-fiedler.at\/weblog\/?p=3740\" aria-label=\"Mehr Informationen \u00fcber Jetzt ist er da\">Weiterlesen<\/a><\/p>\n","protected":false},"author":2,"featured_media":0,"comment_status":"open","ping_status":"open","sticky":false,"template":"","format":"standard","meta":{"footnotes":""},"categories":[8],"tags":[],"class_list":["post-3740","post","type-post","status-publish","format-standard","hentry","category-das-wetter"],"_links":{"self":[{"href":"https:\/\/bernhard-fiedler.at\/weblog\/index.php?rest_route=\/wp\/v2\/posts\/3740","targetHints":{"allow":["GET"]}}],"collection":[{"href":"https:\/\/bernhard-fiedler.at\/weblog\/index.php?rest_route=\/wp\/v2\/posts"}],"about":[{"href":"https:\/\/bernhard-fiedler.at\/weblog\/index.php?rest_route=\/wp\/v2\/types\/post"}],"author":[{"embeddable":true,"href":"https:\/\/bernhard-fiedler.at\/weblog\/index.php?rest_route=\/wp\/v2\/users\/2"}],"replies":[{"embeddable":true,"href":"https:\/\/bernhard-fiedler.at\/weblog\/index.php?rest_route=%2Fwp%2Fv2%2Fcomments&post=3740"}],"version-history":[{"count":6,"href":"https:\/\/bernhard-fiedler.at\/weblog\/index.php?rest_route=\/wp\/v2\/posts\/3740\/revisions"}],"predecessor-version":[{"id":3747,"href":"https:\/\/bernhard-fiedler.at\/weblog\/index.php?rest_route=\/wp\/v2\/posts\/3740\/revisions\/3747"}],"wp:attachment":[{"href":"https:\/\/bernhard-fiedler.at\/weblog\/index.php?rest_route=%2Fwp%2Fv2%2Fmedia&parent=3740"}],"wp:term":[{"taxonomy":"category","embeddable":true,"href":"https:\/\/bernhard-fiedler.at\/weblog\/index.php?rest_route=%2Fwp%2Fv2%2Fcategories&post=3740"},{"taxonomy":"post_tag","embeddable":true,"href":"https:\/\/bernhard-fiedler.at\/weblog\/index.php?rest_route=%2Fwp%2Fv2%2Ftags&post=3740"}],"curies":[{"name":"wp","href":"https:\/\/api.w.org\/{rel}","templated":true}]}}