{"id":3629,"date":"2011-02-11T22:38:35","date_gmt":"2011-02-11T21:38:35","guid":{"rendered":"http:\/\/www.bernhard-fiedler.at\/weblog\/?p=3629"},"modified":"2011-02-11T22:38:35","modified_gmt":"2011-02-11T21:38:35","slug":"urlaub-3","status":"publish","type":"post","link":"https:\/\/bernhard-fiedler.at\/weblog\/?p=3629","title":{"rendered":"Urlaub"},"content":{"rendered":"<p style=\"text-align: center;\"><img loading=\"lazy\" decoding=\"async\" class=\"aligncenter size-full wp-image-3630\" style=\"border: 0px;\" title=\"Winterlandschaft Lukan komprimiert\" src=\"https:\/\/bernhard-fiedler.at\/weblog\/wp-content\/uploads\/2011\/02\/Winterlandschaft-Lukan-komprimiert.jpg\" alt=\"Winterlandschaft Lukan komprimiert\" width=\"508\" height=\"352\" srcset=\"https:\/\/bernhard-fiedler.at\/weblog\/wp-content\/uploads\/2011\/02\/Winterlandschaft-Lukan-komprimiert.jpg 508w, https:\/\/bernhard-fiedler.at\/weblog\/wp-content\/uploads\/2011\/02\/Winterlandschaft-Lukan-komprimiert-300x207.jpg 300w\" sizes=\"auto, (max-width: 508px) 100vw, 508px\" \/><\/p>\n<p>Nachdem der <a href=\"https:\/\/bernhard-fiedler.at\/weblog\/?p=2385\">Rebschnitt<\/a> schon recht weit fortgeschritten ist, n\u00fctze ich die Semesterferien f\u00fcr ein paar Tage Urlaub in den Bergen. Damit ich nach meiner R\u00fcckkehr nicht im Spam ersticke, ist die Kommentarfunktion bis dahin deaktiviert.<\/p>\n<p>Leider werde ich nicht an <a href=\"http:\/\/www.fabiowein.de\/weinrallye-42-piwis-schon-probiert\">der vom Fabio-Weinblog betreuten Weinrallye<\/a> teilnehmen k\u00f6nnen, aber ich freue mich schon auf die Beitr\u00e4ge der Kollegen.<\/p>\n","protected":false},"excerpt":{"rendered":"<p>Nachdem der Rebschnitt schon recht weit fortgeschritten ist, n\u00fctze ich die Semesterferien f\u00fcr ein paar Tage Urlaub in den Bergen. Damit ich nach meiner R\u00fcckkehr nicht im Spam ersticke, ist die Kommentarfunktion bis dahin deaktiviert. Leider werde ich nicht an der vom Fabio-Weinblog betreuten Weinrallye teilnehmen k\u00f6nnen, aber ich freue mich schon auf die Beitr\u00e4ge &#8230; <a title=\"Urlaub\" class=\"read-more\" href=\"https:\/\/bernhard-fiedler.at\/weblog\/?p=3629\" aria-label=\"Mehr Informationen \u00fcber Urlaub\">Weiterlesen<\/a><\/p>\n","protected":false},"author":2,"featured_media":0,"comment_status":"open","ping_status":"open","sticky":false,"template":"","format":"standard","meta":{"footnotes":""},"categories":[1],"tags":[],"class_list":["post-3629","post","type-post","status-publish","format-standard","hentry","category-allgemein"],"_links":{"self":[{"href":"https:\/\/bernhard-fiedler.at\/weblog\/index.php?rest_route=\/wp\/v2\/posts\/3629","targetHints":{"allow":["GET"]}}],"collection":[{"href":"https:\/\/bernhard-fiedler.at\/weblog\/index.php?rest_route=\/wp\/v2\/posts"}],"about":[{"href":"https:\/\/bernhard-fiedler.at\/weblog\/index.php?rest_route=\/wp\/v2\/types\/post"}],"author":[{"embeddable":true,"href":"https:\/\/bernhard-fiedler.at\/weblog\/index.php?rest_route=\/wp\/v2\/users\/2"}],"replies":[{"embeddable":true,"href":"https:\/\/bernhard-fiedler.at\/weblog\/index.php?rest_route=%2Fwp%2Fv2%2Fcomments&post=3629"}],"version-history":[{"count":2,"href":"https:\/\/bernhard-fiedler.at\/weblog\/index.php?rest_route=\/wp\/v2\/posts\/3629\/revisions"}],"predecessor-version":[{"id":3632,"href":"https:\/\/bernhard-fiedler.at\/weblog\/index.php?rest_route=\/wp\/v2\/posts\/3629\/revisions\/3632"}],"wp:attachment":[{"href":"https:\/\/bernhard-fiedler.at\/weblog\/index.php?rest_route=%2Fwp%2Fv2%2Fmedia&parent=3629"}],"wp:term":[{"taxonomy":"category","embeddable":true,"href":"https:\/\/bernhard-fiedler.at\/weblog\/index.php?rest_route=%2Fwp%2Fv2%2Fcategories&post=3629"},{"taxonomy":"post_tag","embeddable":true,"href":"https:\/\/bernhard-fiedler.at\/weblog\/index.php?rest_route=%2Fwp%2Fv2%2Ftags&post=3629"}],"curies":[{"name":"wp","href":"https:\/\/api.w.org\/{rel}","templated":true}]}}