{"id":3494,"date":"2011-01-14T16:59:08","date_gmt":"2011-01-14T15:59:08","guid":{"rendered":"http:\/\/www.bernhard-fiedler.at\/weblog\/?p=3494"},"modified":"2011-01-14T16:59:08","modified_gmt":"2011-01-14T15:59:08","slug":"frost-im-weingarten-2","status":"publish","type":"post","link":"https:\/\/bernhard-fiedler.at\/weblog\/?p=3494","title":{"rendered":"Frost im Weingarten (2)"},"content":{"rendered":"<p style=\"text-align: center;\"><img loading=\"lazy\" decoding=\"async\" class=\"aligncenter size-full wp-image-3495\" style=\"border: 0px;\" title=\"Gesundes Kambium\" src=\"https:\/\/bernhard-fiedler.at\/weblog\/wp-content\/uploads\/2011\/01\/Frost-2-bearbeitet.jpg\" alt=\"Frost 2 bearbeitet\" width=\"508\" height=\"305\" srcset=\"https:\/\/bernhard-fiedler.at\/weblog\/wp-content\/uploads\/2011\/01\/Frost-2-bearbeitet.jpg 508w, https:\/\/bernhard-fiedler.at\/weblog\/wp-content\/uploads\/2011\/01\/Frost-2-bearbeitet-300x180.jpg 300w\" sizes=\"auto, (max-width: 508px) 100vw, 508px\" \/><\/p>\n<p><strong>Die Diagnose<\/strong><\/p>\n<p>Wie <a href=\"https:\/\/bernhard-fiedler.at\/weblog\/?p=3482\">im ersten Teil<\/a> dieser kleinen Serie beschrieben, sind die Pflanzenteile mit dem h\u00f6chsten Wassergehalt am frostanf\u00e4lligsten. Da es sich dabei zugleich meist auch um die Wachstumszonen handelt, haben Erfrierungen besonders schlimme Auswirkungen auf die Vegetation (zumindest) der bevorstehenden Saison.<\/p>\n<p>Um als Weinbauer im Fall des Falles richtig reagieren zu k\u00f6nnen, ist eine gute Diagnose unerl\u00e4\u00dflich. Diese ist m\u00f6glich, sobald das gesch\u00e4digte Gewebe aufgetaut ist und sich seine Farbe dabei von gr\u00fcn auf graubraun ver\u00e4ndert hat.<\/p>\n<p><!--more--><\/p>\n<p style=\"text-align: center;\"><img loading=\"lazy\" decoding=\"async\" class=\"aligncenter size-full wp-image-3499\" style=\"border: 0px;\" title=\"Gesundes Haupt- und Nebenauge\" src=\"https:\/\/bernhard-fiedler.at\/weblog\/wp-content\/uploads\/2011\/01\/Frost-1-bearbeitet2.jpg\" alt=\"Gesundes Haupt- und Nebenauge\" width=\"508\" height=\"304\" srcset=\"https:\/\/bernhard-fiedler.at\/weblog\/wp-content\/uploads\/2011\/01\/Frost-1-bearbeitet2.jpg 508w, https:\/\/bernhard-fiedler.at\/weblog\/wp-content\/uploads\/2011\/01\/Frost-1-bearbeitet2-300x179.jpg 300w\" sizes=\"auto, (max-width: 508px) 100vw, 508px\" \/><\/p>\n<p>Die ersten Sch\u00e4den findet man normalerweise in den Augen (Knospen) der einj\u00e4hrigen Rebtriebe. Dort ist in mikroskopisch kleiner Form der komplette Sommertrieb des n\u00e4chsten Jahres samt Traubenansatz versteckt.<\/p>\n<p>Halbiert man das Auge mit einem scharfen Messer, werden die Anlagen f\u00fcr den Haupt- und die Nebentriebe sichtbar. Letztere sind kleiner und deshalb besser vor Frost gesch\u00fctzt, treiben allerdings nicht immer aus, und wenn, dann meist sp\u00e4ter und mit weniger oder gar keinen Trauben.<\/p>\n<p>Auf dem Foto l\u00e4\u00dft sich das Hauptauge vielleicht im gr\u00f6\u00dferen schwarzen Kreis erahnen, und ein Bei- bzw. Nebenauge im kleineren links davon. Die gr\u00fcnliche Stelle oberhalb der Kreise ist keine Triebanlage, sondern r\u00fchrt von (m)einer falschen Schnittf\u00fchrung her.<\/p>\n<p>Der zweite neuralgische Punkt bei strengem Frost ist das sogenannte <a href=\"http:\/\/de.wikipedia.org\/wiki\/Kambium\">Kambium<\/a>. Dieses\u00a0Gewebe\u00a0sorgt f\u00fcr das Dickenwachstum der Triebe und liegt beim einj\u00e4hrigen Rebholz direkt unter der braunen Rindenschicht.<\/p>\n<p>Sch\u00e4lt man diese ab (wie auf dem Foto ganz oben), kann man sehen, ob das\u00a0Kambium noch gr\u00fcn oder\u00a0abgestorben ist.<\/p>\n<p style=\"text-align: center;\"><img loading=\"lazy\" decoding=\"async\" class=\"aligncenter size-full wp-image-3503\" style=\"border: 0px;\" title=\"Frost 3 bearbeitet2\" src=\"https:\/\/bernhard-fiedler.at\/weblog\/wp-content\/uploads\/2011\/01\/Frost-3-bearbeitet2.jpg\" alt=\"Frost 3 bearbeitet2\" width=\"508\" height=\"356\" srcset=\"https:\/\/bernhard-fiedler.at\/weblog\/wp-content\/uploads\/2011\/01\/Frost-3-bearbeitet2.jpg 508w, https:\/\/bernhard-fiedler.at\/weblog\/wp-content\/uploads\/2011\/01\/Frost-3-bearbeitet2-300x210.jpg 300w\" sizes=\"auto, (max-width: 508px) 100vw, 508px\" \/><\/p>\n<p>Die dritte heikle Stelle ist die Markbr\u00fccke im Inneren der einj\u00e4hrigen Rebtriebe, das sogenannte Diaphragma. Bei jedem Auge ist dort bei europ\u00e4ischen Edelrebsorten das weiche Mark im Zentrum der Triebe durch ein festeres Gewebe unterbrochen (was man auf dem Foto trotz Markierung nur erahnen kann).<\/p>\n<p>Dicke Triebe von besonders wuchskr\u00e4ftigen (z.B. jungen und\/oder\u00a0zu gut wasser- bzw. n\u00e4hrstoffversorgten) Rebst\u00f6cken weisen dabei einen h\u00f6heren Markanteil und ein empfindlicheres Diaphragma auf, als normalw\u00fcchsige.<\/p>\n<p>Finden sich bei einer Vor-Ort-Kontrolle nicht nur einzelne erfrorene Augen, sondern auch Sch\u00e4den an Kambium und Markbr\u00fccke kann es hilfreich (aber relativ aufwendig) sein, Triebe mit nach Hause zu nehmen und in feucht-warmer Umgebung zum Austreiben zu bringen.<\/p>\n<p>Mit einiger diesbez\u00fcglicher Erfahrung (die die allermeisten Weinbauern aber zu ihrem Gl\u00fcck nicht haben) lassen sich aus dem Keimverhalten genauere R\u00fcckschl\u00fcsse auf den Grad der Erfrierungen ziehen.<\/p>\n<p>Sch\u00e4den in den Leitungsbahnen des Rebstammes kann man aber auch damit nicht beurteilen. Diese treten zwar erst bei extrem niedrigen Temperaturen auf, wenn man obige Symptome zuhauf beobachten kann, sind aber besonders schlimm, weil sie nicht nur die n\u00e4chste Ernte, sondern den Weinstock in seiner Existenz gef\u00e4hrden.<\/p>\n","protected":false},"excerpt":{"rendered":"<p>Die Diagnose Wie im ersten Teil dieser kleinen Serie beschrieben, sind die Pflanzenteile mit dem h\u00f6chsten Wassergehalt am frostanf\u00e4lligsten. Da es sich dabei zugleich meist auch um die Wachstumszonen handelt, haben Erfrierungen besonders schlimme Auswirkungen auf die Vegetation (zumindest) der bevorstehenden Saison. Um als Weinbauer im Fall des Falles richtig reagieren zu k\u00f6nnen, ist eine &#8230; <a title=\"Frost im Weingarten (2)\" class=\"read-more\" href=\"https:\/\/bernhard-fiedler.at\/weblog\/?p=3494\" aria-label=\"Mehr Informationen \u00fcber Frost im Weingarten (2)\">Weiterlesen<\/a><\/p>\n","protected":false},"author":2,"featured_media":0,"comment_status":"open","ping_status":"open","sticky":false,"template":"","format":"standard","meta":{"footnotes":""},"categories":[8],"tags":[],"class_list":["post-3494","post","type-post","status-publish","format-standard","hentry","category-das-wetter"],"_links":{"self":[{"href":"https:\/\/bernhard-fiedler.at\/weblog\/index.php?rest_route=\/wp\/v2\/posts\/3494","targetHints":{"allow":["GET"]}}],"collection":[{"href":"https:\/\/bernhard-fiedler.at\/weblog\/index.php?rest_route=\/wp\/v2\/posts"}],"about":[{"href":"https:\/\/bernhard-fiedler.at\/weblog\/index.php?rest_route=\/wp\/v2\/types\/post"}],"author":[{"embeddable":true,"href":"https:\/\/bernhard-fiedler.at\/weblog\/index.php?rest_route=\/wp\/v2\/users\/2"}],"replies":[{"embeddable":true,"href":"https:\/\/bernhard-fiedler.at\/weblog\/index.php?rest_route=%2Fwp%2Fv2%2Fcomments&post=3494"}],"version-history":[{"count":11,"href":"https:\/\/bernhard-fiedler.at\/weblog\/index.php?rest_route=\/wp\/v2\/posts\/3494\/revisions"}],"predecessor-version":[{"id":3524,"href":"https:\/\/bernhard-fiedler.at\/weblog\/index.php?rest_route=\/wp\/v2\/posts\/3494\/revisions\/3524"}],"wp:attachment":[{"href":"https:\/\/bernhard-fiedler.at\/weblog\/index.php?rest_route=%2Fwp%2Fv2%2Fmedia&parent=3494"}],"wp:term":[{"taxonomy":"category","embeddable":true,"href":"https:\/\/bernhard-fiedler.at\/weblog\/index.php?rest_route=%2Fwp%2Fv2%2Fcategories&post=3494"},{"taxonomy":"post_tag","embeddable":true,"href":"https:\/\/bernhard-fiedler.at\/weblog\/index.php?rest_route=%2Fwp%2Fv2%2Ftags&post=3494"}],"curies":[{"name":"wp","href":"https:\/\/api.w.org\/{rel}","templated":true}]}}