{"id":3475,"date":"2011-01-07T12:08:48","date_gmt":"2011-01-07T11:08:48","guid":{"rendered":"http:\/\/www.bernhard-fiedler.at\/weblog\/?p=3475"},"modified":"2011-01-09T09:10:54","modified_gmt":"2011-01-09T08:10:54","slug":"hochwasser","status":"publish","type":"post","link":"https:\/\/bernhard-fiedler.at\/weblog\/?p=3475","title":{"rendered":"Hochwasser"},"content":{"rendered":"<p style=\"text-align: center;\"><img loading=\"lazy\" decoding=\"async\" class=\"aligncenter size-full wp-image-3476\" style=\"border: 0px;\" title=\"Foto: Wein Burgenland\/Lukan\" src=\"https:\/\/bernhard-fiedler.at\/weblog\/wp-content\/uploads\/2011\/01\/Winterstimmung-Lukan-komprimiert.jpg\" alt=\"Foto: Wein Burgenland\/Lukan\" width=\"508\" height=\"355\" srcset=\"https:\/\/bernhard-fiedler.at\/weblog\/wp-content\/uploads\/2011\/01\/Winterstimmung-Lukan-komprimiert.jpg 508w, https:\/\/bernhard-fiedler.at\/weblog\/wp-content\/uploads\/2011\/01\/Winterstimmung-Lukan-komprimiert-300x209.jpg 300w\" sizes=\"auto, (max-width: 508px) 100vw, 508px\" \/><\/p>\n<p>Nach mehreren feuchten Jahren ist der Wasserstand des (derzeit zugefrorenen) Neusiedlersees\u00a0so\u00a0hoch wie selten. Da unser Weingut wie der gesamte Ort aber ein paar Meter \u00fcber dem Seeniveau liegt, und wir auch kaum noch Weing\u00e4rten unmittelbar am Rand des Schilfg\u00fcrtels bewirtschaften, nehmen wir das eher erfreut zur Kenntnis.<\/p>\n<p>Ganz anders sieht es hingegen bei meinem deutschen Kollegen <a href=\"http:\/\/www.steffens-kess.de\">Harald Steffens<\/a> aus. Nachdem er diesen Winter bereits zweimal nur knapp vom Moselhochwasser verschont geblieben ist, bef\u00fcrchtet er am kommenden Wochenende bis zu 1,8 Meter Wasser in seinem Weinkeller.<\/p>\n<p>Wie er sich so gut wie m\u00f6glich darauf vorbereitet, kann man <a href=\"http:\/\/www.steffens-kess.de\/cms\/2011\/01\/06\/hochwasser-2011-teil-1-besuch-kommt\/\">hier<\/a> und <a href=\"http:\/\/www.steffens-kess.de\/cms\/2011\/01\/07\/hochwasser-2011-teil-3-hochwassersicher\/\">hier<\/a> sehen und lesen. Viel Gl\u00fcck Harald!<\/p>\n<p>EDIT 1: Mittlerweile ist das Moselwasser schon <a href=\"http:\/\/www.steffens-kess.de\/cms\/2011\/01\/07\/hochwasser-2011-teil-4-lauft-rein\/\">in Haralds Keller gelaufen<\/a> und hat ihn in eine <a href=\"http:\/\/www.steffens-kess.de\/cms\/2011\/01\/07\/hochwasser-2011-teil-5-badeanstalt\/\">Badeanstalt<\/a> verwandelt.<\/p>\n<p>EDIT 2: <a href=\"http:\/\/www.steffens-kess.de\/cms\/2011\/01\/08\/hochwasser-2011-teil-6-schlus-mit-lustig\/\">Schlu\u00df mit lustig<\/a>, meint Harald. Trotzdem hat er sich im \u00fcberfluteten Keller <a href=\"http:\/\/www.steffens-kess.de\/cms\/2011\/01\/08\/hochwasser-2011-teil-7-bootsbau\/\">ein Boot gebaut<\/a>, und ein Video \u00fcber eine etwas andere <a href=\"http:\/\/www.steffens-kess.de\/cms\/2011\/01\/08\/hochwasser-2011-teil8-kellerfuhrung\/\">Kellerf\u00fchrung<\/a> gedreht.<\/p>\n","protected":false},"excerpt":{"rendered":"<p>Nach mehreren feuchten Jahren ist der Wasserstand des (derzeit zugefrorenen) Neusiedlersees\u00a0so\u00a0hoch wie selten. Da unser Weingut wie der gesamte Ort aber ein paar Meter \u00fcber dem Seeniveau liegt, und wir auch kaum noch Weing\u00e4rten unmittelbar am Rand des Schilfg\u00fcrtels bewirtschaften, nehmen wir das eher erfreut zur Kenntnis. Ganz anders sieht es hingegen bei meinem deutschen &#8230; <a title=\"Hochwasser\" class=\"read-more\" href=\"https:\/\/bernhard-fiedler.at\/weblog\/?p=3475\" aria-label=\"Mehr Informationen \u00fcber Hochwasser\">Weiterlesen<\/a><\/p>\n","protected":false},"author":2,"featured_media":0,"comment_status":"open","ping_status":"open","sticky":false,"template":"","format":"standard","meta":{"footnotes":""},"categories":[8],"tags":[],"class_list":["post-3475","post","type-post","status-publish","format-standard","hentry","category-das-wetter"],"_links":{"self":[{"href":"https:\/\/bernhard-fiedler.at\/weblog\/index.php?rest_route=\/wp\/v2\/posts\/3475","targetHints":{"allow":["GET"]}}],"collection":[{"href":"https:\/\/bernhard-fiedler.at\/weblog\/index.php?rest_route=\/wp\/v2\/posts"}],"about":[{"href":"https:\/\/bernhard-fiedler.at\/weblog\/index.php?rest_route=\/wp\/v2\/types\/post"}],"author":[{"embeddable":true,"href":"https:\/\/bernhard-fiedler.at\/weblog\/index.php?rest_route=\/wp\/v2\/users\/2"}],"replies":[{"embeddable":true,"href":"https:\/\/bernhard-fiedler.at\/weblog\/index.php?rest_route=%2Fwp%2Fv2%2Fcomments&post=3475"}],"version-history":[{"count":7,"href":"https:\/\/bernhard-fiedler.at\/weblog\/index.php?rest_route=\/wp\/v2\/posts\/3475\/revisions"}],"predecessor-version":[{"id":3510,"href":"https:\/\/bernhard-fiedler.at\/weblog\/index.php?rest_route=\/wp\/v2\/posts\/3475\/revisions\/3510"}],"wp:attachment":[{"href":"https:\/\/bernhard-fiedler.at\/weblog\/index.php?rest_route=%2Fwp%2Fv2%2Fmedia&parent=3475"}],"wp:term":[{"taxonomy":"category","embeddable":true,"href":"https:\/\/bernhard-fiedler.at\/weblog\/index.php?rest_route=%2Fwp%2Fv2%2Fcategories&post=3475"},{"taxonomy":"post_tag","embeddable":true,"href":"https:\/\/bernhard-fiedler.at\/weblog\/index.php?rest_route=%2Fwp%2Fv2%2Ftags&post=3475"}],"curies":[{"name":"wp","href":"https:\/\/api.w.org\/{rel}","templated":true}]}}