{"id":3448,"date":"2011-01-01T23:23:00","date_gmt":"2011-01-01T22:23:00","guid":{"rendered":"http:\/\/www.bernhard-fiedler.at\/weblog\/?p=3448"},"modified":"2011-01-01T23:25:40","modified_gmt":"2011-01-01T22:25:40","slug":"das-war-mein-blog-jahr-2010","status":"publish","type":"post","link":"https:\/\/bernhard-fiedler.at\/weblog\/?p=3448","title":{"rendered":"Das war mein Blog-Jahr 2010"},"content":{"rendered":"<p style=\"text-align: center;\"><img loading=\"lazy\" decoding=\"async\" class=\"aligncenter size-full wp-image-3453\" style=\"border: 0px;\" title=\"Winterlandschaft\" src=\"https:\/\/bernhard-fiedler.at\/weblog\/wp-content\/uploads\/2011\/01\/Winterlandschaft-bearbeitet2.jpg\" alt=\"Winterlandschaft\" width=\"508\" height=\"211\" srcset=\"https:\/\/bernhard-fiedler.at\/weblog\/wp-content\/uploads\/2011\/01\/Winterlandschaft-bearbeitet2.jpg 508w, https:\/\/bernhard-fiedler.at\/weblog\/wp-content\/uploads\/2011\/01\/Winterlandschaft-bearbeitet2-300x124.jpg 300w\" sizes=\"auto, (max-width: 508px) 100vw, 508px\" \/><\/p>\n<p>Anders als <a href=\"https:\/\/bernhard-fiedler.at\/weblog\/?p=2185\">2009<\/a> geht mein Blog-Jahresr\u00fcckblick diesmal nicht am letzten Tag des alten, sondern am ersten Tag des neuen Jahres online.<\/p>\n<p>Das Highlight im <strong><a href=\"https:\/\/bernhard-fiedler.at\/weblog\/?m=201001&amp;paged=2\">J\u00e4nner<\/a><\/strong> 2010 war zweifellos meine <a href=\"https:\/\/bernhard-fiedler.at\/weblog\/?s=Alkohol-zunahmi\">Serie \u00fcber den Alkohol-Zunahmi<\/a>, in der ich\u00a0versucht habe darzustellen, dass der Klimawandel weit seltener f\u00fcr den steigenden Alkoholgehalt von Wein verantwortlich ist, als manche Produzenten weismachen und viele Meinungsbildner und Weinfreaks wahrhaben wollen.<\/p>\n<p><!--more--><\/p>\n<p>Trotz blogfreiem Urlaub gingen sich auch im kurzen <strong><a href=\"https:\/\/bernhard-fiedler.at\/weblog\/?m=201002\">Februar<\/a><\/strong> einige Beitr\u00e4ge aus. So habe ich mich unter anderem \u00fcber die Publikation von Fachmeinungen <a href=\"https:\/\/bernhard-fiedler.at\/weblog\/?p=2356\">von Vorgestern<\/a> ge\u00e4rgert, und am Ende des Monats erstmals selbst zu einer Etappe der Wein(blog)rallye <a href=\"https:\/\/bernhard-fiedler.at\/weblog\/?p=2391\">aufgerufen<\/a>.<\/p>\n<p>Das Thema dieser Etappe, Faszination Wein, pr\u00e4gte meinen Blog fast den gesamten <strong><a href=\"https:\/\/bernhard-fiedler.at\/weblog\/?m=201003&amp;paged=2\">M\u00e4rz<\/a><\/strong>. Die zahlreichen kurzen Themenvorschl\u00e4ge, die Zwischenst\u00e4nde am Rallye-Tag selbst und die Zusammenfassung finden sich geb\u00fcndelt <a href=\"https:\/\/bernhard-fiedler.at\/weblog\/?s=Weinrallye+%2331&amp;paged=2\">hier<\/a>.<\/p>\n<p><a href=\"https:\/\/bernhard-fiedler.at\/weblog\/?p=2617#more-2617\">Quo vadis, Blaufr\u00e4nkisch?<\/a> fragte ich mich im <a href=\"https:\/\/bernhard-fiedler.at\/weblog\/?m=201004&amp;paged=2\"><strong>April<\/strong><\/a> nach einer Verkostung hochbewerteter heimischer Rotweine. Au\u00dferdem machte ich mich mit der <a href=\"https:\/\/bernhard-fiedler.at\/weblog\/?cat=22\">Serie<\/a> \u00fcber unsere Junganlage am Goldberg <a href=\"https:\/\/bernhard-fiedler.at\/weblog\/?p=2611\">auf ins zweite Jahr<\/a>.<\/p>\n<p>Von eben diesem Weingarten gab es im <a href=\"https:\/\/bernhard-fiedler.at\/weblog\/?m=201005&amp;paged=2\"><strong>Mai<\/strong><\/a> wenig erfreuliches zu berichten, als uns das Sturmtief <a href=\"https:\/\/bernhard-fiedler.at\/weblog\/?p=2763\">Jolanda<\/a> zahlreiche abgebrochene Triebe beschert hat. <a href=\"https:\/\/bernhard-fiedler.at\/weblog\/?p=2713#more-2713\">Nur kein Stre\u00df<\/a> lautete dagegen die Devise beim Pinot blanc 2009, der von Beginn der G\u00e4rung bis zur Abf\u00fcllung nur einmal bewegt worden war.<\/p>\n<p>Der <strong><a href=\"https:\/\/bernhard-fiedler.at\/weblog\/?m=201006\">Juni<\/a><\/strong> brachte ein <a href=\"https:\/\/bernhard-fiedler.at\/weblog\/?p=2902\">rasantes Wachstum<\/a> der Reben und entsprechend viel Arbeit im Weingarten. Vielleicht war mein Beitrag \u00fcber die immer st\u00e4rker werdende \u00c4hnlichkeit des Weingesch\u00e4ftes mit dem <a href=\"https:\/\/bernhard-fiedler.at\/weblog\/?p=2852\">Showbusiness<\/a> eine Art intellektueller Ausgleich dazu.<\/p>\n<p>Die gr\u00f6\u00dfte Aufregung im <strong><a href=\"https:\/\/bernhard-fiedler.at\/weblog\/?m=200907\">Juli<\/a><\/strong> brachte zum Gl\u00fcck nicht der <a href=\"https:\/\/bernhard-fiedler.at\/weblog\/?p=2972\">Streifschu\u00df<\/a>, den Hagelschauer einigen unserer Weing\u00e4rten verpa\u00dft hat, sondern mein Beitrag \u00fcber den <a href=\"https:\/\/bernhard-fiedler.at\/weblog\/?p=2930\">Weinmoralismus<\/a>. Der auch bei Captain Cork erschienene Artikel entpuppte sich als selbsterf\u00fcllende Prophezeiung und bescherte mir dort zahlreiche Kommentare von eher bescheidenem Niveau.<\/p>\n<p><a href=\"https:\/\/bernhard-fiedler.at\/weblog\/?p=3030\">Der t\u00e4gliche Regen<\/a> im <strong><a href=\"https:\/\/bernhard-fiedler.at\/weblog\/?m=201008\">August<\/a><\/strong> lie\u00df\u00a0nicht unbedingt Hochstimmung aufkommen, und die Stellungnahmen zur langsam n\u00e4herr\u00fcckenden Ernte waren entweder gepr\u00e4gt von <a href=\"https:\/\/bernhard-fiedler.at\/weblog\/?p=3053#more-3053\">Schwarzmalerei oder Zweckoptimismus<\/a>. Ich neigte damals eher letzterem zu und f\u00fchle mich heute angesichts der Qualit\u00e4t der 2010er im Nachhinein best\u00e4tigt.<\/p>\n<p>Anfang <strong><a href=\"https:\/\/bernhard-fiedler.at\/weblog\/?m=201009\">September<\/a><\/strong> z\u00e4hlte meine Blog-Zeitrechnung <a href=\"https:\/\/bernhard-fiedler.at\/weblog\/?p=3076\">1461 Tage und kein Ende in Sicht<\/a>. Davon abgesehen stand nat\u00fcrlich die <a href=\"https:\/\/bernhard-fiedler.at\/weblog\/?cat=26&amp;paged=2\">Lese 2010<\/a> im Mittelpunkt. <a href=\"https:\/\/bernhard-fiedler.at\/weblog\/?p=3107\">Es geht los!<\/a> konnte ich am 14. des Monats vermelden.<\/p>\n<p>Am 8. <a href=\"https:\/\/bernhard-fiedler.at\/weblog\/?m=201010\"><strong>Oktober<\/strong><\/a> war die Ernte beendet und wir feierten <a href=\"https:\/\/bernhard-fiedler.at\/weblog\/?p=3176\">Leikauf<\/a>.\u00a0W\u00e4hrend aber um diese Jahreszeit\u00a0normalerweise schon l\u00e4ngst allerorten der\u00a0n\u00e4chste Jahrhundertjahrgang ausgerufen wird, herrschte heuer diesbez\u00fcglich <a href=\"https:\/\/bernhard-fiedler.at\/weblog\/?p=3222\">ohrenbet\u00e4ubendes Schweigen<\/a>. Daf\u00fcr wurde umso mehr von der Bloggerkonferenz <a href=\"https:\/\/bernhard-fiedler.at\/weblog\/?p=3218\">EWBC 2010<\/a> in Wien berichtet.<\/p>\n<p>Die kleine Ernte f\u00fchrte bereits im <strong><a href=\"https:\/\/bernhard-fiedler.at\/weblog\/?m=201011\">November<\/a><\/strong> zu gro\u00dfer <a href=\"https:\/\/bernhard-fiedler.at\/weblog\/?p=3361\">Nervosit\u00e4t am Fa\u00dfweinmarkt<\/a>. Neben meiner Arbeit im Weinkeller hatte ich au\u00dferdem wieder die Ehre, beim <a href=\"https:\/\/bernhard-fiedler.at\/weblog\/?p=3291\">WSET-Diploma<\/a> vortragen zu d\u00fcrfen, und auch ein Beitrag zur <a href=\"https:\/\/bernhard-fiedler.at\/weblog\/?p=3303\">Weinrallye #39: Wein &amp; Humor<\/a> ging sich aus.<\/p>\n<p>Im <strong><a href=\"https:\/\/bernhard-fiedler.at\/weblog\/?m=201012\">Dezember<\/a><\/strong> blieb leider wenig(er) Zeit f\u00fcrs Bloggen, weshalb diese Kurzzusammenfassung auch erst heute erscheint. Meiner Neigung zum sensorischen <a href=\"https:\/\/bernhard-fiedler.at\/weblog\/?p=3387\">Selbstzweifel<\/a> konnte ich aber trotzdem Ausdruck verleihen, und mit dem Beitrag <a href=\"https:\/\/bernhard-fiedler.at\/weblog\/?p=3374\">Von der Traube zum Wei\u00dfwein, Teil 12<\/a> gab es nach langer Pause eine Fortsetzung der Serie \u00fcber die Wei\u00dfweinherstellung.<\/p>\n","protected":false},"excerpt":{"rendered":"<p>Anders als 2009 geht mein Blog-Jahresr\u00fcckblick diesmal nicht am letzten Tag des alten, sondern am ersten Tag des neuen Jahres online. Das Highlight im J\u00e4nner 2010 war zweifellos meine Serie \u00fcber den Alkohol-Zunahmi, in der ich\u00a0versucht habe darzustellen, dass der Klimawandel weit seltener f\u00fcr den steigenden Alkoholgehalt von Wein verantwortlich ist, als manche Produzenten weismachen &#8230; <a title=\"Das war mein Blog-Jahr 2010\" class=\"read-more\" href=\"https:\/\/bernhard-fiedler.at\/weblog\/?p=3448\" aria-label=\"Mehr Informationen \u00fcber Das war mein Blog-Jahr 2010\">Weiterlesen<\/a><\/p>\n","protected":false},"author":2,"featured_media":0,"comment_status":"open","ping_status":"open","sticky":false,"template":"","format":"standard","meta":{"footnotes":""},"categories":[1],"tags":[],"class_list":["post-3448","post","type-post","status-publish","format-standard","hentry","category-allgemein"],"_links":{"self":[{"href":"https:\/\/bernhard-fiedler.at\/weblog\/index.php?rest_route=\/wp\/v2\/posts\/3448","targetHints":{"allow":["GET"]}}],"collection":[{"href":"https:\/\/bernhard-fiedler.at\/weblog\/index.php?rest_route=\/wp\/v2\/posts"}],"about":[{"href":"https:\/\/bernhard-fiedler.at\/weblog\/index.php?rest_route=\/wp\/v2\/types\/post"}],"author":[{"embeddable":true,"href":"https:\/\/bernhard-fiedler.at\/weblog\/index.php?rest_route=\/wp\/v2\/users\/2"}],"replies":[{"embeddable":true,"href":"https:\/\/bernhard-fiedler.at\/weblog\/index.php?rest_route=%2Fwp%2Fv2%2Fcomments&post=3448"}],"version-history":[{"count":8,"href":"https:\/\/bernhard-fiedler.at\/weblog\/index.php?rest_route=\/wp\/v2\/posts\/3448\/revisions"}],"predecessor-version":[{"id":3457,"href":"https:\/\/bernhard-fiedler.at\/weblog\/index.php?rest_route=\/wp\/v2\/posts\/3448\/revisions\/3457"}],"wp:attachment":[{"href":"https:\/\/bernhard-fiedler.at\/weblog\/index.php?rest_route=%2Fwp%2Fv2%2Fmedia&parent=3448"}],"wp:term":[{"taxonomy":"category","embeddable":true,"href":"https:\/\/bernhard-fiedler.at\/weblog\/index.php?rest_route=%2Fwp%2Fv2%2Fcategories&post=3448"},{"taxonomy":"post_tag","embeddable":true,"href":"https:\/\/bernhard-fiedler.at\/weblog\/index.php?rest_route=%2Fwp%2Fv2%2Ftags&post=3448"}],"curies":[{"name":"wp","href":"https:\/\/api.w.org\/{rel}","templated":true}]}}