{"id":314,"date":"2007-08-13T12:28:42","date_gmt":"2007-08-13T11:28:42","guid":{"rendered":"http:\/\/www.bernhard-fiedler.at\/weblog\/?p=314"},"modified":"2007-08-13T12:28:42","modified_gmt":"2007-08-13T11:28:42","slug":"traubenreife-aktuell-2","status":"publish","type":"post","link":"https:\/\/bernhard-fiedler.at\/weblog\/?p=314","title":{"rendered":"Traubenreife aktuell"},"content":{"rendered":"<p>Den gestrigen Sonntagnachmittag habe ich wieder f\u00fcr ein paar Reifemessungen gen\u00fctzt und dabei erstmals auch zwei S\u00e4urewerte gemessen. Nach den <a href=\"https:\/\/bernhard-fiedler.at\/weblog\/?p=309\">ersten Messungen vor einer Woche<\/a> und der <a href=\"https:\/\/bernhard-fiedler.at\/weblog\/?p=312\">Besichtigung vor ein paar Tagen<\/a> wird damit das Bild wieder ein wenig klarer:<!--more--><\/p>\n<p><strong>Pinot blanc Ried Haderwald I: 15 \u00b0KMW<\/strong><br \/>\n(15 bzw. 4 Jahre alt; k\u00fchlere, trockene Lage, mittlerer Ertrag)<\/p>\n<p><strong>Pinot blanc Ried Haderwald II: 14 \u00b0KMW<\/strong><br \/>\n(10 Jahre alt, Ertrag etwas h\u00f6her, anderes Rebmaterial)<\/p>\n<p><strong>Pinot blanc Ried Wieser: 15,5 \u00b0KMW &#8211; pH 2,9 &#8211; Sre 11 g\/l<\/strong><br \/>\n(29 Jahre alt, sehr gute Lage, niedriger bis mittlerer Behang)<\/p>\n<p><strong>Chardonnay Hofwies\u00f6rter: 17 \u00b0KMW &#8211; pH 2,9 &#8211; Sre 10,2 g\/l<\/strong><br \/>\n(18 Jahr alt, mittlerer Ertrag, gute Wasserversorgung)<br \/>\n<em>knapp 2 \u00b0KMW Zunahme innerhalb einer Woche!<\/em><\/p>\n<p><strong>Zweigelt Ried Haderwald: 14 \u00b0KMW<\/strong><br \/>\n(5 Jahre alt, k\u00fchle Lage, trocken, auf mittleren Ertrag ausged\u00fcnnt)<\/p>\n<p><strong>Zweigelt Ried Wieser: 16 \u00b0KMW<\/strong><br \/>\n(9 Jahre, auf mittleren Ertrag ausged\u00fcnnt, trocken)<br \/>\n<em>0,5 \u00b0KMW Zunahme in einer Woche<\/em><\/p>\n<p><strong>Zweigelt Ried Goldberg: 16,5 \u00b0KMW<\/strong><br \/>\n(7 Jahre, auf niedrigen Ertrag ausged\u00fcnnt)<\/p>\n<p>Die gemessenen S\u00e4urewerte sind deutlich h\u00f6her, als angesichts des trockenen Sommers bef\u00fcrchtet, und best\u00e4rken uns in unserem <a href=\"https:\/\/bernhard-fiedler.at\/weblog\/?p=312\">Optimismus<\/a>.<\/p>\n<p>Zu den 10 mm Regen am Freitag kamen am Samstag noch ergiebige 35 mm dazu. Damit ist das Thema Trockenheit f\u00fcr den heurigen Jahrgang erledigt. Der Wassernachschub und das f\u00fcr die ganze Woche prognostizierte trockene Sommerwetter mit 25 bis 30 \u00b0C wird die Traubenreife in den n\u00e4chsten Tagen wohl deutlich beschleunigen.<\/p>\n","protected":false},"excerpt":{"rendered":"<p>Den gestrigen Sonntagnachmittag habe ich wieder f\u00fcr ein paar Reifemessungen gen\u00fctzt und dabei erstmals auch zwei S\u00e4urewerte gemessen. Nach den ersten Messungen vor einer Woche und der Besichtigung vor ein paar Tagen wird damit das Bild wieder ein wenig klarer:<\/p>\n","protected":false},"author":2,"featured_media":0,"comment_status":"open","ping_status":"open","sticky":false,"template":"","format":"standard","meta":{"footnotes":""},"categories":[19],"tags":[],"class_list":["post-314","post","type-post","status-publish","format-standard","hentry","category-lese-2007"],"_links":{"self":[{"href":"https:\/\/bernhard-fiedler.at\/weblog\/index.php?rest_route=\/wp\/v2\/posts\/314","targetHints":{"allow":["GET"]}}],"collection":[{"href":"https:\/\/bernhard-fiedler.at\/weblog\/index.php?rest_route=\/wp\/v2\/posts"}],"about":[{"href":"https:\/\/bernhard-fiedler.at\/weblog\/index.php?rest_route=\/wp\/v2\/types\/post"}],"author":[{"embeddable":true,"href":"https:\/\/bernhard-fiedler.at\/weblog\/index.php?rest_route=\/wp\/v2\/users\/2"}],"replies":[{"embeddable":true,"href":"https:\/\/bernhard-fiedler.at\/weblog\/index.php?rest_route=%2Fwp%2Fv2%2Fcomments&post=314"}],"version-history":[{"count":0,"href":"https:\/\/bernhard-fiedler.at\/weblog\/index.php?rest_route=\/wp\/v2\/posts\/314\/revisions"}],"wp:attachment":[{"href":"https:\/\/bernhard-fiedler.at\/weblog\/index.php?rest_route=%2Fwp%2Fv2%2Fmedia&parent=314"}],"wp:term":[{"taxonomy":"category","embeddable":true,"href":"https:\/\/bernhard-fiedler.at\/weblog\/index.php?rest_route=%2Fwp%2Fv2%2Fcategories&post=314"},{"taxonomy":"post_tag","embeddable":true,"href":"https:\/\/bernhard-fiedler.at\/weblog\/index.php?rest_route=%2Fwp%2Fv2%2Ftags&post=314"}],"curies":[{"name":"wp","href":"https:\/\/api.w.org\/{rel}","templated":true}]}}