{"id":3115,"date":"2010-09-16T21:45:22","date_gmt":"2010-09-16T20:45:22","guid":{"rendered":"http:\/\/www.bernhard-fiedler.at\/weblog\/?p=3115"},"modified":"2010-09-16T21:45:22","modified_gmt":"2010-09-16T20:45:22","slug":"traubenreife-aktuell-8","status":"publish","type":"post","link":"https:\/\/bernhard-fiedler.at\/weblog\/?p=3115","title":{"rendered":"Traubenreife aktuell"},"content":{"rendered":"<p style=\"text-align: center;\"><img decoding=\"async\" class=\"aligncenter size-full wp-image-1823\" style=\"border: 0px;\" title=\"Blaufr\u00e4nkisch 2009\" src=\"https:\/\/bernhard-fiedler.at\/weblog\/wp-content\/uploads\/2009\/09\/Blaufr\u00e4nkisch-Trauben-bearbeitet.jpg\" alt=\"Blaufr\u00e4nkisch 2009\" \/><\/p>\n<p>Nachdem die Trauben zumindest halbwegs abgetrocknet waren, habe ich heute Nachmittag einige unserer Weing\u00e4rten begutachtet:<\/p>\n<p><!--more--><\/p>\n<p><span style=\"text-decoration: underline;\">Welschriesling Ried Haidacker: 15,5\u00b0KMW<\/span><\/p>\n<p>In diesem Weingarten werden wir\u00a0wohl &#8211; aus\u00a0nicht wirklich nachvollziehbaren Gr\u00fcnden &#8211; die gr\u00f6\u00dften Ertragseinbu\u00dfen gegen\u00fcber einer Normalernte zu verzeichnen haben. Bis auf einzelne F\u00e4ulnisnester sind die Trauben (noch) recht gesund und wirken auch halbwegs dickschalig und stabil.<\/p>\n<p><span style=\"text-decoration: underline;\">Gr\u00fcner Veltliner Ried Birnheide: 16\u00b0KMW<\/span><\/p>\n<p>Die vom <a href=\"https:\/\/bernhard-fiedler.at\/weblog\/?p=2972\">Hagel im Juli<\/a> angeschlagenen Beeren sind zum Gl\u00fcck vertrocknet. Trotzdem finden sich auch beim robusten und dickschaligen Veltliner bereits einzelne Botrytisnester.<\/p>\n<p><span style=\"text-decoration: underline;\">Zweigelt Ried Haderwald: 17\u00b0KMW<\/span><\/p>\n<p>Unser j\u00fcngster Zweigelt-Weingarten in der vergleichsweise sp\u00e4ten Lage Haderwald hat bereits einen (f\u00fcr diesen Jahrgang) \u00fcberraschend hohen Zuckergehalt erreicht. Auch hier finden sich aber schon die ersten Spuren von F\u00e4ulnis, ebenso wie zahlreiche <a href=\"https:\/\/bernhard-fiedler.at\/weblog\/?p=1790\">welke Trauben<\/a>.<\/p>\n<p><span style=\"text-decoration: underline;\">Pinot blanc Ried Haderwald: -17 bis +17\u00b0KMW<\/span><\/p>\n<p>Die verschiedenen Altersstufen und Rebselektionen vom Wei\u00dfburgunder liegen in dieser Lage rund um 17\u00b0KMW. Eine \u00e4u\u00dferst positive \u00dcberraschung ist dabei der Gesundheitszustand der Trauben, denn F\u00e4ulnis ist hier, trotz sehr dichter Trauben (noch) nur sehr sehr vereinzelt zu finden.<\/p>\n<p>Auffallend viele Beeren wirken (bei einem jahrgangstypisch hohen S\u00e4uregehalt) auch schon geschmacklich reif und zeigen reife, braune Kerne.<\/p>\n<p><span style=\"text-decoration: underline;\">Blaufr\u00e4nkisch Ried Hader: 16,5\u00b0KMW<\/span><\/p>\n<p>Alle Beeren sind sch\u00f6n durchgef\u00e4rbt, aber\u00a0von Geschmacks- und Tanninreife kann man nat\u00fcrlich noch nicht sprechen. Es bleibt die Hoffnung, dass die gesunden, knackig-festen Beeren ein Zuwarten bis zur physiologischen Reife m\u00f6glich machen.<\/p>\n<p><span style=\"text-decoration: underline;\">Cabernet Sauvignon Ried Hader: +16\u00b0KMW<\/span><\/p>\n<p>Der sp\u00e4te Cabernet zeigt sich sehr heterogen. Einzelne Beeren wirken relativ reif, aber viele schmecken auch noch grasig-gr\u00fcn und sauer. Noch gebe ich die Sorte nicht auf, aber mit jedem Tag ohen Sonne l\u00e4uft dem Cabernet die Zeit noch viel schneller davon, als allen anderen.<\/p>\n<p>Leider haben wir auch heuer wieder mit der <a href=\"https:\/\/bernhard-fiedler.at\/weblog\/?p=1894\">Stiell\u00e4hme<\/a> zu k\u00e4mpfen, was bei entsprechender Selektion bei der Lese den ohnehin geringen Ertrag weiter reduzieren wird.<\/p>\n","protected":false},"excerpt":{"rendered":"<p>Nachdem die Trauben zumindest halbwegs abgetrocknet waren, habe ich heute Nachmittag einige unserer Weing\u00e4rten begutachtet:<\/p>\n","protected":false},"author":2,"featured_media":0,"comment_status":"open","ping_status":"open","sticky":false,"template":"","format":"standard","meta":{"footnotes":""},"categories":[26],"tags":[],"class_list":["post-3115","post","type-post","status-publish","format-standard","hentry","category-lese-2010"],"_links":{"self":[{"href":"https:\/\/bernhard-fiedler.at\/weblog\/index.php?rest_route=\/wp\/v2\/posts\/3115","targetHints":{"allow":["GET"]}}],"collection":[{"href":"https:\/\/bernhard-fiedler.at\/weblog\/index.php?rest_route=\/wp\/v2\/posts"}],"about":[{"href":"https:\/\/bernhard-fiedler.at\/weblog\/index.php?rest_route=\/wp\/v2\/types\/post"}],"author":[{"embeddable":true,"href":"https:\/\/bernhard-fiedler.at\/weblog\/index.php?rest_route=\/wp\/v2\/users\/2"}],"replies":[{"embeddable":true,"href":"https:\/\/bernhard-fiedler.at\/weblog\/index.php?rest_route=%2Fwp%2Fv2%2Fcomments&post=3115"}],"version-history":[{"count":3,"href":"https:\/\/bernhard-fiedler.at\/weblog\/index.php?rest_route=\/wp\/v2\/posts\/3115\/revisions"}],"predecessor-version":[{"id":3118,"href":"https:\/\/bernhard-fiedler.at\/weblog\/index.php?rest_route=\/wp\/v2\/posts\/3115\/revisions\/3118"}],"wp:attachment":[{"href":"https:\/\/bernhard-fiedler.at\/weblog\/index.php?rest_route=%2Fwp%2Fv2%2Fmedia&parent=3115"}],"wp:term":[{"taxonomy":"category","embeddable":true,"href":"https:\/\/bernhard-fiedler.at\/weblog\/index.php?rest_route=%2Fwp%2Fv2%2Fcategories&post=3115"},{"taxonomy":"post_tag","embeddable":true,"href":"https:\/\/bernhard-fiedler.at\/weblog\/index.php?rest_route=%2Fwp%2Fv2%2Ftags&post=3115"}],"curies":[{"name":"wp","href":"https:\/\/api.w.org\/{rel}","templated":true}]}}