{"id":3111,"date":"2010-09-15T21:39:23","date_gmt":"2010-09-15T20:39:23","guid":{"rendered":"http:\/\/www.bernhard-fiedler.at\/weblog\/?p=3111"},"modified":"2010-09-15T21:39:23","modified_gmt":"2010-09-15T20:39:23","slug":"jetzt-wird-es-wohl-schnell-gehen-mussen","status":"publish","type":"post","link":"https:\/\/bernhard-fiedler.at\/weblog\/?p=3111","title":{"rendered":"Jetzt wird es wohl schnell gehen (m\u00fcssen)"},"content":{"rendered":"<p style=\"text-align: center;\"><img loading=\"lazy\" decoding=\"async\" class=\"aligncenter size-full wp-image-342\" style=\"border: 0px;\" title=\"Welschriesling-Traube mit beginnendem Botrytisbefall\" src=\"https:\/\/bernhard-fiedler.at\/weblog\/wp-content\/uploads\/2007\/09\/welschrieslingtraube-mit-botrytis-2007-2.JPG\" alt=\"Welschriesling-Traube mit beginnendem Botrytisbefall\" width=\"508\" height=\"381\" \/><\/p>\n<p>Noch sind wir nicht ganz mit der Lese des Muskat Ottonel fertig, da regnet es schon wieder. Und diesmal bei ein paar Grad Celsius mehr und etwas reiferen, d.h. auch empfindlicheren Beeren als vergangene Woche. Und die Wochen davor.<\/p>\n<p>Manche Weing\u00e4rten &#8211; in unserem Fall ein junger Wei\u00dfburgunder &#8211; sind schon deutlich von Botrytis gezeichnet, und viele andere stehen kurz davor (wie der Welschriesling auf dem <a href=\"https:\/\/bernhard-fiedler.at\/weblog\/?p=340\">Foto von 2007<\/a>). In diesem Stadium gen\u00fcgt ein weiterer Regen oder ein paar Tage Morgentau, und die Botrytis \u00fcberzieht die ganze Traube.<\/p>\n<p>Damit es nach der aktuellen Schlechtwetterfront nicht soweit kommt, haben wir unsere Mannschaft f\u00fcr n\u00e4chste Woche verst\u00e4rkt. Gut m\u00f6glich, dass in zehn Tagen nur noch ein Teil des Blaufr\u00e4nkisch und der Cabernet drau\u00dfen h\u00e4ngt.<\/p>\n<p>Zum Gl\u00fcck sind unsere Lesehelfer aber auch flexibel genug, um einige Tage zu pausieren. Falls doch noch der Altweibersommer ausbricht, und wir die Lese hinausz\u00f6gern k\u00f6nnen&#8230;<\/p>\n","protected":false},"excerpt":{"rendered":"<p>Noch sind wir nicht ganz mit der Lese des Muskat Ottonel fertig, da regnet es schon wieder. Und diesmal bei ein paar Grad Celsius mehr und etwas reiferen, d.h. auch empfindlicheren Beeren als vergangene Woche. Und die Wochen davor. Manche Weing\u00e4rten &#8211; in unserem Fall ein junger Wei\u00dfburgunder &#8211; sind schon deutlich von Botrytis gezeichnet, &#8230; <a title=\"Jetzt wird es wohl schnell gehen (m\u00fcssen)\" class=\"read-more\" href=\"https:\/\/bernhard-fiedler.at\/weblog\/?p=3111\" aria-label=\"Mehr Informationen \u00fcber Jetzt wird es wohl schnell gehen (m\u00fcssen)\">Weiterlesen<\/a><\/p>\n","protected":false},"author":2,"featured_media":0,"comment_status":"open","ping_status":"open","sticky":false,"template":"","format":"standard","meta":{"footnotes":""},"categories":[26],"tags":[],"class_list":["post-3111","post","type-post","status-publish","format-standard","hentry","category-lese-2010"],"_links":{"self":[{"href":"https:\/\/bernhard-fiedler.at\/weblog\/index.php?rest_route=\/wp\/v2\/posts\/3111","targetHints":{"allow":["GET"]}}],"collection":[{"href":"https:\/\/bernhard-fiedler.at\/weblog\/index.php?rest_route=\/wp\/v2\/posts"}],"about":[{"href":"https:\/\/bernhard-fiedler.at\/weblog\/index.php?rest_route=\/wp\/v2\/types\/post"}],"author":[{"embeddable":true,"href":"https:\/\/bernhard-fiedler.at\/weblog\/index.php?rest_route=\/wp\/v2\/users\/2"}],"replies":[{"embeddable":true,"href":"https:\/\/bernhard-fiedler.at\/weblog\/index.php?rest_route=%2Fwp%2Fv2%2Fcomments&post=3111"}],"version-history":[{"count":3,"href":"https:\/\/bernhard-fiedler.at\/weblog\/index.php?rest_route=\/wp\/v2\/posts\/3111\/revisions"}],"predecessor-version":[{"id":3114,"href":"https:\/\/bernhard-fiedler.at\/weblog\/index.php?rest_route=\/wp\/v2\/posts\/3111\/revisions\/3114"}],"wp:attachment":[{"href":"https:\/\/bernhard-fiedler.at\/weblog\/index.php?rest_route=%2Fwp%2Fv2%2Fmedia&parent=3111"}],"wp:term":[{"taxonomy":"category","embeddable":true,"href":"https:\/\/bernhard-fiedler.at\/weblog\/index.php?rest_route=%2Fwp%2Fv2%2Fcategories&post=3111"},{"taxonomy":"post_tag","embeddable":true,"href":"https:\/\/bernhard-fiedler.at\/weblog\/index.php?rest_route=%2Fwp%2Fv2%2Ftags&post=3111"}],"curies":[{"name":"wp","href":"https:\/\/api.w.org\/{rel}","templated":true}]}}