{"id":3069,"date":"2010-08-31T20:00:00","date_gmt":"2010-08-31T19:00:00","guid":{"rendered":"http:\/\/www.bernhard-fiedler.at\/weblog\/?p=3069"},"modified":"2010-08-31T20:00:00","modified_gmt":"2010-08-31T19:00:00","slug":"morgen-ist-es-soweit","status":"publish","type":"post","link":"https:\/\/bernhard-fiedler.at\/weblog\/?p=3069","title":{"rendered":"Morgen ist es soweit!"},"content":{"rendered":"<p style=\"text-align: center;\"><img loading=\"lazy\" decoding=\"async\" class=\"aligncenter size-full wp-image-3071\" style=\"border: 0px;\" title=\"Leithaberg 2008\" src=\"https:\/\/bernhard-fiedler.at\/weblog\/wp-content\/uploads\/2010\/08\/Leithaberg-Flasche-komprimiert.jpg\" alt=\"Leithaberg-Flasche komprimiert\" width=\"508\" height=\"381\" srcset=\"https:\/\/bernhard-fiedler.at\/weblog\/wp-content\/uploads\/2010\/08\/Leithaberg-Flasche-komprimiert.jpg 508w, https:\/\/bernhard-fiedler.at\/weblog\/wp-content\/uploads\/2010\/08\/Leithaberg-Flasche-komprimiert-300x224.jpg 300w\" sizes=\"auto, (max-width: 508px) 100vw, 508px\" \/><\/p>\n<p>Ab Mittwoch, den 1. September 2010 d\u00fcrfen gem\u00e4\u00df DAC-Verordnung die neuen Herkunftsweine unserer Region unter dem Namen &#8222;Leithaberg&#8220; in Verkehr gebracht werden. Und p\u00fcnktlich zum offiziellen Startschu\u00df geht auch <a href=\"http:\/\/www.leithaberg.at\/\">die neue Leithaberg-Website<\/a> online.<\/p>\n<p>Regelm\u00e4\u00dfige Blog-Leser wissen vielleicht, dass diesem Ereignis eine unendliche Geschichte in Sachen DAC in \u00d6sterreich (<a href=\"https:\/\/bernhard-fiedler.at\/weblog\/?s=Die+unendliche+Geschichte\">Teil 1 bis 6<\/a>) und eine schwierige Entscheidungsfindung in unserem Betrieb (<a href=\"https:\/\/bernhard-fiedler.at\/weblog\/?s=Leithaberg+DAC\">Teil 1 bis 6<\/a>) vorausgegangen ist.<\/p>\n<p>Sp\u00e4testens ab Donnerstag steht aber nicht mehr seine komplizierte Geburt im Vordergrund, sondern der Wein selbst.<\/p>\n<p>Und da wir bereits im Premierenjahrgang mit von der Partie sind, gibt es unseren roten &#8222;Leithaberg&#8220; (wie alle anderen auch) am 2. September ab 15 Uhr im Raiffeisenforum Wien erstmals zu verkosten. Infos dazu (f\u00fcr Schnellentschlossene) gibt es <a href=\"http:\/\/www.weinburgenland.at\/news\/show\/Herkunftspr%C3%A4si\">hier<\/a>.<\/p>\n","protected":false},"excerpt":{"rendered":"<p>Ab Mittwoch, den 1. September 2010 d\u00fcrfen gem\u00e4\u00df DAC-Verordnung die neuen Herkunftsweine unserer Region unter dem Namen &#8222;Leithaberg&#8220; in Verkehr gebracht werden. Und p\u00fcnktlich zum offiziellen Startschu\u00df geht auch die neue Leithaberg-Website online. Regelm\u00e4\u00dfige Blog-Leser wissen vielleicht, dass diesem Ereignis eine unendliche Geschichte in Sachen DAC in \u00d6sterreich (Teil 1 bis 6) und eine schwierige &#8230; <a title=\"Morgen ist es soweit!\" class=\"read-more\" href=\"https:\/\/bernhard-fiedler.at\/weblog\/?p=3069\" aria-label=\"Mehr Informationen \u00fcber Morgen ist es soweit!\">Weiterlesen<\/a><\/p>\n","protected":false},"author":2,"featured_media":0,"comment_status":"open","ping_status":"open","sticky":false,"template":"","format":"standard","meta":{"footnotes":""},"categories":[7],"tags":[],"class_list":["post-3069","post","type-post","status-publish","format-standard","hentry","category-im-verkauf"],"_links":{"self":[{"href":"https:\/\/bernhard-fiedler.at\/weblog\/index.php?rest_route=\/wp\/v2\/posts\/3069","targetHints":{"allow":["GET"]}}],"collection":[{"href":"https:\/\/bernhard-fiedler.at\/weblog\/index.php?rest_route=\/wp\/v2\/posts"}],"about":[{"href":"https:\/\/bernhard-fiedler.at\/weblog\/index.php?rest_route=\/wp\/v2\/types\/post"}],"author":[{"embeddable":true,"href":"https:\/\/bernhard-fiedler.at\/weblog\/index.php?rest_route=\/wp\/v2\/users\/2"}],"replies":[{"embeddable":true,"href":"https:\/\/bernhard-fiedler.at\/weblog\/index.php?rest_route=%2Fwp%2Fv2%2Fcomments&post=3069"}],"version-history":[{"count":4,"href":"https:\/\/bernhard-fiedler.at\/weblog\/index.php?rest_route=\/wp\/v2\/posts\/3069\/revisions"}],"predecessor-version":[{"id":3075,"href":"https:\/\/bernhard-fiedler.at\/weblog\/index.php?rest_route=\/wp\/v2\/posts\/3069\/revisions\/3075"}],"wp:attachment":[{"href":"https:\/\/bernhard-fiedler.at\/weblog\/index.php?rest_route=%2Fwp%2Fv2%2Fmedia&parent=3069"}],"wp:term":[{"taxonomy":"category","embeddable":true,"href":"https:\/\/bernhard-fiedler.at\/weblog\/index.php?rest_route=%2Fwp%2Fv2%2Fcategories&post=3069"},{"taxonomy":"post_tag","embeddable":true,"href":"https:\/\/bernhard-fiedler.at\/weblog\/index.php?rest_route=%2Fwp%2Fv2%2Ftags&post=3069"}],"curies":[{"name":"wp","href":"https:\/\/api.w.org\/{rel}","templated":true}]}}