{"id":3053,"date":"2010-08-29T10:02:19","date_gmt":"2010-08-29T09:02:19","guid":{"rendered":"http:\/\/www.bernhard-fiedler.at\/weblog\/?p=3053"},"modified":"2010-09-06T22:02:24","modified_gmt":"2010-09-06T21:02:24","slug":"schwarzmalerei-oder-zweckoptimismus","status":"publish","type":"post","link":"https:\/\/bernhard-fiedler.at\/weblog\/?p=3053","title":{"rendered":"Schwarzmalerei oder Zweckoptimismus?"},"content":{"rendered":"<p style=\"text-align: center;\"><img loading=\"lazy\" decoding=\"async\" class=\"aligncenter size-full wp-image-3054\" style=\"border: 0px;\" title=\"Foto: \u00d6WM\/Lukan\" src=\"https:\/\/bernhard-fiedler.at\/weblog\/wp-content\/uploads\/2010\/08\/Dunkle-Wolken-\u00d6WM-Lukan-komprimiert.jpg\" alt=\"Dunkle Wolken \u00d6WM-Lukan komprimiert\" width=\"508\" height=\"347\" srcset=\"https:\/\/bernhard-fiedler.at\/weblog\/wp-content\/uploads\/2010\/08\/Dunkle-Wolken-\u00d6WM-Lukan-komprimiert.jpg 508w, https:\/\/bernhard-fiedler.at\/weblog\/wp-content\/uploads\/2010\/08\/Dunkle-Wolken-\u00d6WM-Lukan-komprimiert-300x204.jpg 300w\" sizes=\"auto, (max-width: 508px) 100vw, 508px\" \/><\/p>\n<p><em>2010 ist ein sehr schwieriger und ganz sicher kein gro\u00dfer (sehr guter) Jahrgang. Von diesem Jahr werden Sie noch ihren Enkelkindern erz\u00e4hlen, so etwas hat es &#8211;\u00a0bez\u00fcglich\u00a0Feuchtigkeit, warmen N\u00e4chten und\u00a0Krankheitsdruck &#8211; noch nicht gegeben.<\/em><\/p>\n<p>So sprach (nahezu w\u00f6rtlich) ein von mir durchaus gesch\u00e4tzter Weinbauberater \u00fcber die kommende Ernte, und ich kam mir dabei vor, wie im falschen Film.<\/p>\n<p>\u00c4hnliches ist mir vor ein paar Jahren auch schon mit einem anderen, ebenfalls \u00e4u\u00dferst kompetenen Konsulenten passiert, weshalb sich die Frage stellt, ob ich (oder gar die Weinbauern an sich) zum Zweckoptimismus neige(n), oder ob au\u00dfenstehende Fachleute bei deutlichen Abweichungen von ihrem Idealbild gerne der Schwarzmalerei anh\u00e4ngen.<\/p>\n<p><!--more--><\/p>\n<p>Nat\u00fcrlich ist es f\u00fcr eine richtige Beurteilung des Jahrgangs viel, sehr viel zu fr\u00fch. Ich bin der Letzte, der schon Wochen vor Lesebeginn &#8222;Jahrhundertjahrgang&#8220; schreit. Wie ich \u00fcberhaupt versuche, jede Ernte weder ungeschaut auf ein Podest zu heben, noch pauschal zu verdammen, sondern differenziert zu betrachten.<\/p>\n<p>Andererseits sind Menge, Qualit\u00e4t und Stil der in wenigen Wochen bevorstehenden Weinlese nat\u00fcrlich im Moment das Hauptthema unter den Winzern. Nicht zuletzt, weil die Arbeit des ganzen vergangenen Jahres und die Eink\u00fcnfte des n\u00e4chsten daran h\u00e4ngen. Da wollen im Endspurt alle noch m\u00f6glichen Einflu\u00dfnahmen gut \u00fcberlegt sein.<\/p>\n<p><strong>Schwieriges Wetter, aber gute Ausgangslage<\/strong><\/p>\n<p>Wenn ich mir die Lage in unseren Weing\u00e4rten so ansehe, finde ich keinen triftigen Grund, den Jahrgang 2010 bereits jetzt abzuschreiben. Im Gegenteil, einzelne Parzellen pr\u00e4sentieren sich sogar in einem Zustand, der besser kaum sein k\u00f6nnte.<\/p>\n<p>Ja, es hat im Juni und ab Ende Juli deutlich mehr (und vor allem \u00f6fter) geregnet, als \u00fcblich. Und ja, die Peronospora (der na\u00df-warmes Wetter liebende falsche Mehltau) hat bei Trauben und Blattfl\u00e4che \u00fcberwiegend kleinere, in einzelnen Weing\u00e4rten aber auch durchaus schmerzende Opfer gefordert.<\/p>\n<p>Andererseits ist der Ertrag in allen Weing\u00e4rten (&#8222;dank&#8220; der schlechten Bl\u00fcte oder durch bewu\u00dftes Ausd\u00fcnnen) moderat genug, um die Rebst\u00f6cke auch bei dieser Ausgangslage nicht zu \u00fcberfordern. Die Begr\u00fcnung der B\u00f6den h\u00e4lt nicht nur die Reihen befahrbar, sondern nimmt auch zumindest einen Teil der \u00fcbersch\u00fcssigen Wasser- und der damit verbundenen N\u00e4hrstoffmengen auf.<\/p>\n<p>Dank guter Laubarbeit sind F\u00e4ulnisnester in den Trauben bislang weitgehend ausgeblieben. Und sowohl die aktuellen Zuckermessungen, als auch die ersten Anzeichen des physiologischen Reifeprozesses lassen auf sehr gute Weine hoffen.<\/p>\n<p>Zumal die N\u00e4chte nach dem Ende der dreiw\u00f6chigen Hitzeperiode Anfang Juli zumindest meinem Gef\u00fchl nach eher k\u00fchler als \u00fcblich waren. Eine zu schnelle Reife der Trauben samt Absinken des S\u00e4uregehaltes auf unharmonisch niedrige Werte bef\u00fcrchte ich deshalb nicht.<\/p>\n<p>Damit ist 2010 auch bei weitem nicht so au\u00dfergew\u00f6hnlich, wie der Berater meinte. Weder erreichen die S\u00e4urewerte das (niedrige) Niveau von 2003, 2000, <a href=\"https:\/\/bernhard-fiedler.at\/weblog\/?p=1953\">1992<\/a>, <a href=\"https:\/\/bernhard-fiedler.at\/weblog\/?p=2677#more-2677\">1990<\/a>, <a href=\"https:\/\/bernhard-fiedler.at\/weblog\/?p=2134\">1983<\/a> etc. Noch ist das Jahr so na\u00df und f\u00e4ulnisbedr\u00e4ngt, wie <a href=\"https:\/\/bernhard-fiedler.at\/weblog\/?p=1549\">1996<\/a> (als in seenahen Weing\u00e4rten im Fr\u00fchjahr und bei der Lese das Wasser 30 Zentimeter hoch stand), oder wie 2001, 1998, 1995, 1991, etc. Und auch der extreme Peronosporadruck ist &#8211; nach zugegebenerma\u00dfen l\u00e4ngerer Pause davor &#8211; seit <a href=\"https:\/\/bernhard-fiedler.at\/weblog\/?p=629#more-629\">2008<\/a> und <a href=\"https:\/\/bernhard-fiedler.at\/weblog\/?p=1474\">2009<\/a> nicht mehr wirklich ungew\u00f6hnlich.<\/p>\n<p>Vielleicht steht 2010 nach der Vorgeschichte dieses Sommers etwas mehr auf der Kippe, als andere vielversprechende Jahre. Bei einem Extremregen w\u00e4hrend der Lese <a href=\"https:\/\/bernhard-fiedler.at\/weblog\/?p=333\">wie 2007<\/a> w\u00fcrden die Trauben heuer wohl nicht mehr nur <a href=\"https:\/\/bernhard-fiedler.at\/weblog\/?p=340\">mit einem blauen Auge<\/a> davonkommen. Und bei deutlich unterdurchschnittlichen Temperaturen im September und Oktober w\u00e4re es 2010 sicher schwieriger, als in anderen Jahren die sp\u00e4ten Sorten reif genug f\u00fcr sehr gute Qualit\u00e4ten zu ernten.<\/p>\n<p>Mit einem guten Herbst\u00a0steht aber meiner Meinung nach einem guten Jahrgang nichts im Weg. Und mit einem sehr guten ebensolchen Weinen.<\/p>\n","protected":false},"excerpt":{"rendered":"<p>2010 ist ein sehr schwieriger und ganz sicher kein gro\u00dfer (sehr guter) Jahrgang. Von diesem Jahr werden Sie noch ihren Enkelkindern erz\u00e4hlen, so etwas hat es &#8211;\u00a0bez\u00fcglich\u00a0Feuchtigkeit, warmen N\u00e4chten und\u00a0Krankheitsdruck &#8211; noch nicht gegeben. So sprach (nahezu w\u00f6rtlich) ein von mir durchaus gesch\u00e4tzter Weinbauberater \u00fcber die kommende Ernte, und ich kam mir dabei vor, wie &#8230; <a title=\"Schwarzmalerei oder Zweckoptimismus?\" class=\"read-more\" href=\"https:\/\/bernhard-fiedler.at\/weblog\/?p=3053\" aria-label=\"Mehr Informationen \u00fcber Schwarzmalerei oder Zweckoptimismus?\">Weiterlesen<\/a><\/p>\n","protected":false},"author":2,"featured_media":0,"comment_status":"open","ping_status":"open","sticky":false,"template":"","format":"standard","meta":{"footnotes":""},"categories":[26],"tags":[],"class_list":["post-3053","post","type-post","status-publish","format-standard","hentry","category-lese-2010"],"_links":{"self":[{"href":"https:\/\/bernhard-fiedler.at\/weblog\/index.php?rest_route=\/wp\/v2\/posts\/3053","targetHints":{"allow":["GET"]}}],"collection":[{"href":"https:\/\/bernhard-fiedler.at\/weblog\/index.php?rest_route=\/wp\/v2\/posts"}],"about":[{"href":"https:\/\/bernhard-fiedler.at\/weblog\/index.php?rest_route=\/wp\/v2\/types\/post"}],"author":[{"embeddable":true,"href":"https:\/\/bernhard-fiedler.at\/weblog\/index.php?rest_route=\/wp\/v2\/users\/2"}],"replies":[{"embeddable":true,"href":"https:\/\/bernhard-fiedler.at\/weblog\/index.php?rest_route=%2Fwp%2Fv2%2Fcomments&post=3053"}],"version-history":[{"count":15,"href":"https:\/\/bernhard-fiedler.at\/weblog\/index.php?rest_route=\/wp\/v2\/posts\/3053\/revisions"}],"predecessor-version":[{"id":3090,"href":"https:\/\/bernhard-fiedler.at\/weblog\/index.php?rest_route=\/wp\/v2\/posts\/3053\/revisions\/3090"}],"wp:attachment":[{"href":"https:\/\/bernhard-fiedler.at\/weblog\/index.php?rest_route=%2Fwp%2Fv2%2Fmedia&parent=3053"}],"wp:term":[{"taxonomy":"category","embeddable":true,"href":"https:\/\/bernhard-fiedler.at\/weblog\/index.php?rest_route=%2Fwp%2Fv2%2Fcategories&post=3053"},{"taxonomy":"post_tag","embeddable":true,"href":"https:\/\/bernhard-fiedler.at\/weblog\/index.php?rest_route=%2Fwp%2Fv2%2Ftags&post=3053"}],"curies":[{"name":"wp","href":"https:\/\/api.w.org\/{rel}","templated":true}]}}