{"id":3044,"date":"2010-08-23T22:35:01","date_gmt":"2010-08-23T21:35:01","guid":{"rendered":"http:\/\/www.bernhard-fiedler.at\/weblog\/?p=3044"},"modified":"2010-08-23T22:35:01","modified_gmt":"2010-08-23T21:35:01","slug":"muskateller-phanomen","status":"publish","type":"post","link":"https:\/\/bernhard-fiedler.at\/weblog\/?p=3044","title":{"rendered":"Muskateller-Ph\u00e4nomen"},"content":{"rendered":"<p style=\"text-align: center;\"><img loading=\"lazy\" decoding=\"async\" class=\"aligncenter size-full wp-image-3045\" style=\"border: 0px;\" title=\"Foto: \u00d6WM\/Faber\" src=\"https:\/\/bernhard-fiedler.at\/weblog\/wp-content\/uploads\/2010\/08\/Muskateller-\u00d6WM-Faber-bearbeitet.jpg\" alt=\"Muskateller \u00d6WM Faber bearbeitet\" width=\"508\" height=\"495\" srcset=\"https:\/\/bernhard-fiedler.at\/weblog\/wp-content\/uploads\/2010\/08\/Muskateller-\u00d6WM-Faber-bearbeitet.jpg 508w, https:\/\/bernhard-fiedler.at\/weblog\/wp-content\/uploads\/2010\/08\/Muskateller-\u00d6WM-Faber-bearbeitet-300x292.jpg 300w\" sizes=\"auto, (max-width: 508px) 100vw, 508px\" \/><\/p>\n<p>Gestern hat mich der zweite Kollege innerhalb von wenigen Tagen auf die gleiche Beobachtung beim Gelben Muskateller angesprochen. Beide Weinbauern haben\u00a0in ihren Weing\u00e4rten festgestellt, dass viele Beeren dieser Traubensorte ohne sichtbare Krankheitssymptome aufplatzen und wollten vom mir wissen, ob ich eine Erkl\u00e4rung daf\u00fcr habe.<\/p>\n<p>Wir selbst haben zwar keinen Muskateller angepflanzt, aber ich wei\u00df von Freunden, dass seine Trauben sehr empfindlich auf gr\u00f6\u00dfere Regenmengen w\u00e4hrend der Reifezeit reagieren. Deshalb gehe ich nach ungew\u00f6hnlich feuchten Sommer und den fast t\u00e4glichen Niederschl\u00e4gen der letzten zwei Wochen davon aus, dass im konkreten Fall tats\u00e4chlich nicht irgendwelche unbekannten Krankheiten oder Sch\u00e4dlinge am Werk sind.<\/p>\n<p>Dass es sich in beiden F\u00e4llen um sehr junge Weing\u00e4rten handelt, spricht auch daf\u00fcr, dass die Muskateller-Reben einfach nicht wissen, wohin mit dem vielen Wasser und deshalb die Beeren st\u00e4rker anschwellen, als die Schale verkraften kann. Junge Reben haben n\u00e4mlich ein sehr oberfl\u00e4chliches Wurzelsystem und reagieren besonders schnell und stark auf zuviel (aber auch auf zu wenig) Wasser.<\/p>\n","protected":false},"excerpt":{"rendered":"<p>Gestern hat mich der zweite Kollege innerhalb von wenigen Tagen auf die gleiche Beobachtung beim Gelben Muskateller angesprochen. Beide Weinbauern haben\u00a0in ihren Weing\u00e4rten festgestellt, dass viele Beeren dieser Traubensorte ohne sichtbare Krankheitssymptome aufplatzen und wollten vom mir wissen, ob ich eine Erkl\u00e4rung daf\u00fcr habe. Wir selbst haben zwar keinen Muskateller angepflanzt, aber ich wei\u00df von &#8230; <a title=\"Muskateller-Ph\u00e4nomen\" class=\"read-more\" href=\"https:\/\/bernhard-fiedler.at\/weblog\/?p=3044\" aria-label=\"Mehr Informationen \u00fcber Muskateller-Ph\u00e4nomen\">Weiterlesen<\/a><\/p>\n","protected":false},"author":2,"featured_media":0,"comment_status":"open","ping_status":"open","sticky":false,"template":"","format":"standard","meta":{"footnotes":""},"categories":[3],"tags":[],"class_list":["post-3044","post","type-post","status-publish","format-standard","hentry","category-im-weingarten"],"_links":{"self":[{"href":"https:\/\/bernhard-fiedler.at\/weblog\/index.php?rest_route=\/wp\/v2\/posts\/3044","targetHints":{"allow":["GET"]}}],"collection":[{"href":"https:\/\/bernhard-fiedler.at\/weblog\/index.php?rest_route=\/wp\/v2\/posts"}],"about":[{"href":"https:\/\/bernhard-fiedler.at\/weblog\/index.php?rest_route=\/wp\/v2\/types\/post"}],"author":[{"embeddable":true,"href":"https:\/\/bernhard-fiedler.at\/weblog\/index.php?rest_route=\/wp\/v2\/users\/2"}],"replies":[{"embeddable":true,"href":"https:\/\/bernhard-fiedler.at\/weblog\/index.php?rest_route=%2Fwp%2Fv2%2Fcomments&post=3044"}],"version-history":[{"count":1,"href":"https:\/\/bernhard-fiedler.at\/weblog\/index.php?rest_route=\/wp\/v2\/posts\/3044\/revisions"}],"predecessor-version":[{"id":3046,"href":"https:\/\/bernhard-fiedler.at\/weblog\/index.php?rest_route=\/wp\/v2\/posts\/3044\/revisions\/3046"}],"wp:attachment":[{"href":"https:\/\/bernhard-fiedler.at\/weblog\/index.php?rest_route=%2Fwp%2Fv2%2Fmedia&parent=3044"}],"wp:term":[{"taxonomy":"category","embeddable":true,"href":"https:\/\/bernhard-fiedler.at\/weblog\/index.php?rest_route=%2Fwp%2Fv2%2Fcategories&post=3044"},{"taxonomy":"post_tag","embeddable":true,"href":"https:\/\/bernhard-fiedler.at\/weblog\/index.php?rest_route=%2Fwp%2Fv2%2Ftags&post=3044"}],"curies":[{"name":"wp","href":"https:\/\/api.w.org\/{rel}","templated":true}]}}