{"id":2972,"date":"2010-07-21T21:13:00","date_gmt":"2010-07-21T20:13:00","guid":{"rendered":"http:\/\/www.bernhard-fiedler.at\/weblog\/?p=2972"},"modified":"2010-07-21T21:13:00","modified_gmt":"2010-07-21T20:13:00","slug":"streifschus","status":"publish","type":"post","link":"https:\/\/bernhard-fiedler.at\/weblog\/?p=2972","title":{"rendered":"Streifschu\u00df"},"content":{"rendered":"<p style=\"TEXT-ALIGN: center\"><img loading=\"lazy\" decoding=\"async\" class=\"aligncenter size-full wp-image-635\" style=\"border: 0px;\" title=\"Blaufr\u00e4nkisch, unversehrt\" src=\"https:\/\/bernhard-fiedler.at\/weblog\/wp-content\/uploads\/2008\/07\/bf-hader-2008-ausgedunnt-2-komprimiert.jpg\" alt=\"Blaufr\u00e4nkisch Hader am 25. 7. 2008\" width=\"567\" height=\"440\" \/><\/p>\n<p>W\u00e4hrend meiner Abwesenheit gingen zwei heftige Gewitter \u00fcber unseren Rieden nieder. Eines davon auch mit leichtem Hagelschlag, der aber zum Gl\u00fcck nur einige wenige unserer knapp 30 Weing\u00e4rten und auch diese nur leicht betroffen hat.<\/p>\n<p>Der positive Aspekt eines kr\u00e4ftigen Wassernachschubes in dieser Zeit der intensiven Verdunstung \u00fcberwiegt daher bei weitem. Nicht zuletzt, weil dank unserer weitgehenden Begr\u00fcnung der Boden das kostbare Na\u00df gut aufnehmen konnte, und in unseren Weing\u00e4rten nur wenig Wasser oberfl\u00e4chlich abgeflossen sein d\u00fcrfte.<\/p>\n","protected":false},"excerpt":{"rendered":"<p>W\u00e4hrend meiner Abwesenheit gingen zwei heftige Gewitter \u00fcber unseren Rieden nieder. Eines davon auch mit leichtem Hagelschlag, der aber zum Gl\u00fcck nur einige wenige unserer knapp 30 Weing\u00e4rten und auch diese nur leicht betroffen hat. Der positive Aspekt eines kr\u00e4ftigen Wassernachschubes in dieser Zeit der intensiven Verdunstung \u00fcberwiegt daher bei weitem. Nicht zuletzt, weil dank &#8230; <a title=\"Streifschu\u00df\" class=\"read-more\" href=\"https:\/\/bernhard-fiedler.at\/weblog\/?p=2972\" aria-label=\"Mehr Informationen \u00fcber Streifschu\u00df\">Weiterlesen<\/a><\/p>\n","protected":false},"author":2,"featured_media":0,"comment_status":"open","ping_status":"open","sticky":false,"template":"","format":"standard","meta":{"footnotes":""},"categories":[8],"tags":[],"class_list":["post-2972","post","type-post","status-publish","format-standard","hentry","category-das-wetter"],"_links":{"self":[{"href":"https:\/\/bernhard-fiedler.at\/weblog\/index.php?rest_route=\/wp\/v2\/posts\/2972","targetHints":{"allow":["GET"]}}],"collection":[{"href":"https:\/\/bernhard-fiedler.at\/weblog\/index.php?rest_route=\/wp\/v2\/posts"}],"about":[{"href":"https:\/\/bernhard-fiedler.at\/weblog\/index.php?rest_route=\/wp\/v2\/types\/post"}],"author":[{"embeddable":true,"href":"https:\/\/bernhard-fiedler.at\/weblog\/index.php?rest_route=\/wp\/v2\/users\/2"}],"replies":[{"embeddable":true,"href":"https:\/\/bernhard-fiedler.at\/weblog\/index.php?rest_route=%2Fwp%2Fv2%2Fcomments&post=2972"}],"version-history":[{"count":3,"href":"https:\/\/bernhard-fiedler.at\/weblog\/index.php?rest_route=\/wp\/v2\/posts\/2972\/revisions"}],"predecessor-version":[{"id":2975,"href":"https:\/\/bernhard-fiedler.at\/weblog\/index.php?rest_route=\/wp\/v2\/posts\/2972\/revisions\/2975"}],"wp:attachment":[{"href":"https:\/\/bernhard-fiedler.at\/weblog\/index.php?rest_route=%2Fwp%2Fv2%2Fmedia&parent=2972"}],"wp:term":[{"taxonomy":"category","embeddable":true,"href":"https:\/\/bernhard-fiedler.at\/weblog\/index.php?rest_route=%2Fwp%2Fv2%2Fcategories&post=2972"},{"taxonomy":"post_tag","embeddable":true,"href":"https:\/\/bernhard-fiedler.at\/weblog\/index.php?rest_route=%2Fwp%2Fv2%2Ftags&post=2972"}],"curies":[{"name":"wp","href":"https:\/\/api.w.org\/{rel}","templated":true}]}}