{"id":294,"date":"2007-07-17T20:37:25","date_gmt":"2007-07-17T19:37:25","guid":{"rendered":"http:\/\/www.bernhard-fiedler.at\/weblog\/?p=294"},"modified":"2007-07-17T22:11:56","modified_gmt":"2007-07-17T21:11:56","slug":"weinreben-und-klimawandel-im-sommerloch","status":"publish","type":"post","link":"https:\/\/bernhard-fiedler.at\/weblog\/?p=294","title":{"rendered":"Weinreben und Klimawandel im Sommerloch"},"content":{"rendered":"<p>Als aufmerksamer Medienbeobachter und Klimawandelshysterie-Verweigerer ist man ja einiges gew\u00f6hnt. Gerade w\u00e4hrend der <a href=\"http:\/\/de.wikipedia.org\/wiki\/Saure-Gurken-Zeit\">Saure-Gurken-Zeit<\/a>, wenn es wenig zu berichten gibt und das <a href=\"http:\/\/de.wikipedia.org\/wiki\/Ungeheuer_von_Loch_Ness\">Ungeheuer von Loch Ness<\/a> ausnahmsweise einmal nicht f\u00fcr eine Schlagzeile herhalten mu\u00df.<\/p>\n<p>Dieser <a href=\"http:\/\/www.br-online.de\/umwelt-gesundheit\/artikel\/0707\/06-zweitebluete\/index.xml\">Bericht<\/a> des Bayerischen Rundfunks, gefunden via <a href=\"http:\/\/drinktank.blogg.de\/eintrag.php?id=1930#\">Drink Tank<\/a>, schafft es aber trotzdem, bei mir ein ungl\u00e4ubiges Staunen hervorzurufen. So eine <a href=\"http:\/\/de.wikipedia.org\/wiki\/Zeitungsente\">Ente<\/a> ist mir noch selten untergekommen.<\/p>\n<p><!--more--><\/p>\n<p><strong><em>Wein bl\u00fcht zum zweiten Mal<\/em><\/strong><\/p>\n<p><em>Daran k\u00f6nnen sich auch die \u00e4ltesten Winzer in Franken nicht erinnern: In den Weinbergen hat eine zweite Bl\u00fcte begonnen&#8230;.<\/p>\n<p>&#8222;2007 zeigt sich der Klimawandel von seiner Schokoladenseite&#8220;, sagt Arnold Schwab von der Landesanstalt f\u00fcr Weinbau und Gartenbau in Veitsh\u00f6chheim: &#8222;dieser Sommer ist nicht wie erwartet trocken und hei\u00df, sondern feucht und warm.&#8220; Und das hat die Reben in Frankens Weinbergen zu einer zweiten Bl\u00fcte angeregt. Vor allem die Besitzer von Hausrebst\u00f6cken d\u00fcrfen sich nach Auskunft des Weinbauexperten \u00fcber eine zweite Ernte im Oktober freuen; deren Qualit\u00e4t wird allerdings eher bescheiden sein&#8230;<\/em><\/p>\n<p>Angesichts dieser Meldung mu\u00df der ahnungslose Medienkonsument der Meinung sein, da\u00df ein durch den Klimawandel ausgel\u00f6stes, bisher unbekanntes Ph\u00e4nomen den Winzern k\u00fcnftig geradezu paradiesische Zust\u00e4nde beschert: Zwei Ernten in einem Jahr! <\/p>\n<p>Die Wahrheit ist nat\u00fcrlich wesentlich unspektakul\u00e4rer und w\u00e4re wohl nicht f\u00fcr eine Schlagzeile gut gewesen: Die gr\u00fcnen Triebe der Reben tragen jedes Jahr Bl\u00e4tter, Trauben, Ranken und Seitentriebe (die sogenannten Geiztriebe). Je nach Sorte, N\u00e4hrstoff- und Wasserversorgung wachsen die Geiztriebe st\u00e4rker oder schw\u00e4cher und tragen vereinzelt oder auch h\u00e4ufig kleine Trauben. Jedes Jahr.<\/p>\n<p>Diese Geiztriebtrauben wachsen naturgem\u00e4\u00df erst sp\u00e4ter als die &#8222;Haupttrauben&#8220;, weil der Rebstock ja zuerst den Haupttrieb (samt Bl\u00e4ttern, Trauben und Ranken) entwickeln mu\u00df, bevor dieser einen Seitentrieb samt Traube treiben kann. Je nach Witterung bl\u00fchen die Geiztriebtrauben manchmal schon im Juni, manchmal aber erst im August. Aber sie bl\u00fchen jedes Jahr, denn so sp\u00e4t kann die Geiztriebbildung gar nicht erfolgen als das es f\u00fcr eine Bl\u00fcte der kleinen Tr\u00e4ubchen schon zu kalt w\u00e4re.<\/p>\n<p>Je nach Bl\u00fctetermin (d.h. je nach Jahrgang) sind diese kleinen Trauben zur Haupternte manchmal schon halbreif, manchmal aber auch gerade erst verbl\u00fcht. Wegen des Reifer\u00fcckstandes im Vergleich zu den &#8222;normalen&#8220; Trauben werden Geiztriebtrauben bei der Ernte normalerweise nicht gelesen und h\u00e4ngengelassen oder sogar schon vor der Ernte beim Ausd\u00fcnnen entfernt, um zu vermeiden, da\u00df die Rebe \u00fcberhaupt Energie in nicht verwertbare Trauben investiert.<\/p>\n<p><strong>Die einzige &#8222;Besonderheit&#8220; der Geiztriebtrauben 2007 ist daher nicht deren Bl\u00fcte bzw. deren Existenz an sich, sondern h\u00f6chstens die durch den deutlichen Vegetationsvorsprung gr\u00f6\u00dfere Wahrscheinlichkeit daf\u00fcr, da\u00df sie heuer halbwegs ausreifen k\u00f6nnen. Aber selbst das ist kein singul\u00e4res Ereignis, an das sich &#8222;auch die \u00e4ltesten Winzer nicht erinnern k\u00f6nnen&#8220;.<\/strong><\/p>\n<p>Ende der 1980er war es in \u00d6sterreich ein paar Jahr lang in Mode, die Geiztriebtrauben nach der Haupternte zu lesen und separat zu vinifizieren. Die daraus gekelterten &#8222;Irxenweine&#8220; (mundartlich f\u00fcr Geiztriebe) waren sehr leichte, s\u00e4urebetonte und wenig aromatische Kuriosit\u00e4ten, die eher \u00fcber ihre Entstehungsgeschichte als \u00fcber die tats\u00e4chliche Qualit\u00e4t an den Mann und die Frau gebracht wurden.<\/p>\n<p>Es w\u00fcrde mich sehr wundern, wenn sich die Reben in Franken so v\u00f6llig anders verhalten w\u00fcrden wie im Burgenland. Daf\u00fcr kenne ich n\u00e4mlich das <a href=\"http:\/\/de.wikipedia.org\/wiki\/Frankenwein\">Weinbaugebiet Franken<\/a> zu gut (ein Verwandter ist dort Winzer und Kellermeister), und <a href=\"http:\/\/www.wein-plus.de\/glossar\/Geiztrieb.htm\">diese<\/a> <a href=\"http:\/\/www.wein-plus.de\/glossar\/H%E4rling.htm\">beiden<\/a> Eintr\u00e4ge im Wein-Plus-Glossar zeigen, da\u00df das Ph\u00e4nomen der Geiztriebtrauben auch in Deutschland durchaus nichts Sensationelles ist.<\/p>\n<p>Irgendwie ist es ist schon bezeichnend, mit welchen Methoden die Klimawandels-Hysteriker &#8222;Beweise&#8220; f\u00fcr ihre Untergangsphantasien konstruieren. Daf\u00fcr gibt es ja auch andere Beispiele, aber das w\u00fcrde hier wohl zu weit f\u00fchren&#8230;<\/p>\n","protected":false},"excerpt":{"rendered":"<p>Als aufmerksamer Medienbeobachter und Klimawandelshysterie-Verweigerer ist man ja einiges gew\u00f6hnt. Gerade w\u00e4hrend der Saure-Gurken-Zeit, wenn es wenig zu berichten gibt und das Ungeheuer von Loch Ness ausnahmsweise einmal nicht f\u00fcr eine Schlagzeile herhalten mu\u00df. Dieser Bericht des Bayerischen Rundfunks, gefunden via Drink Tank, schafft es aber trotzdem, bei mir ein ungl\u00e4ubiges Staunen hervorzurufen. So eine &#8230; <a title=\"Weinreben und Klimawandel im Sommerloch\" class=\"read-more\" href=\"https:\/\/bernhard-fiedler.at\/weblog\/?p=294\" aria-label=\"Mehr Informationen \u00fcber Weinreben und Klimawandel im Sommerloch\">Weiterlesen<\/a><\/p>\n","protected":false},"author":2,"featured_media":0,"comment_status":"open","ping_status":"open","sticky":false,"template":"","format":"standard","meta":{"footnotes":""},"categories":[5],"tags":[],"class_list":["post-294","post","type-post","status-publish","format-standard","hentry","category-in-den-weinmedien"],"_links":{"self":[{"href":"https:\/\/bernhard-fiedler.at\/weblog\/index.php?rest_route=\/wp\/v2\/posts\/294","targetHints":{"allow":["GET"]}}],"collection":[{"href":"https:\/\/bernhard-fiedler.at\/weblog\/index.php?rest_route=\/wp\/v2\/posts"}],"about":[{"href":"https:\/\/bernhard-fiedler.at\/weblog\/index.php?rest_route=\/wp\/v2\/types\/post"}],"author":[{"embeddable":true,"href":"https:\/\/bernhard-fiedler.at\/weblog\/index.php?rest_route=\/wp\/v2\/users\/2"}],"replies":[{"embeddable":true,"href":"https:\/\/bernhard-fiedler.at\/weblog\/index.php?rest_route=%2Fwp%2Fv2%2Fcomments&post=294"}],"version-history":[{"count":0,"href":"https:\/\/bernhard-fiedler.at\/weblog\/index.php?rest_route=\/wp\/v2\/posts\/294\/revisions"}],"wp:attachment":[{"href":"https:\/\/bernhard-fiedler.at\/weblog\/index.php?rest_route=%2Fwp%2Fv2%2Fmedia&parent=294"}],"wp:term":[{"taxonomy":"category","embeddable":true,"href":"https:\/\/bernhard-fiedler.at\/weblog\/index.php?rest_route=%2Fwp%2Fv2%2Fcategories&post=294"},{"taxonomy":"post_tag","embeddable":true,"href":"https:\/\/bernhard-fiedler.at\/weblog\/index.php?rest_route=%2Fwp%2Fv2%2Ftags&post=294"}],"curies":[{"name":"wp","href":"https:\/\/api.w.org\/{rel}","templated":true}]}}