{"id":2902,"date":"2010-06-28T22:38:46","date_gmt":"2010-06-28T21:38:46","guid":{"rendered":"http:\/\/www.bernhard-fiedler.at\/weblog\/?p=2902"},"modified":"2010-06-28T22:38:46","modified_gmt":"2010-06-28T21:38:46","slug":"rasantes-wachstum","status":"publish","type":"post","link":"https:\/\/bernhard-fiedler.at\/weblog\/?p=2902","title":{"rendered":"Rasantes Wachstum"},"content":{"rendered":"<p style=\"text-align: center;\"><img loading=\"lazy\" decoding=\"async\" class=\"aligncenter size-full wp-image-600\" style=\"border: 0px;\" title=\"Schrotkorngr\u00f6\u00dfe\" src=\"https:\/\/bernhard-fiedler.at\/weblog\/wp-content\/uploads\/2008\/06\/schrotkorngrose-komprimiert.jpg\" alt=\"Schrotkorngr\u00f6\u00dfe\" width=\"508\" height=\"400\" \/><\/p>\n<p>W\u00e4hrend da und dort noch ein paar versprengte Trauben bl\u00fchen, sind manche Beeren schon eher erbsen- als schrotkorngro\u00df (wie die offiziellen Entwicklungsstadien hei\u00dfen).<\/p>\n<p>Auch das Triebwachstum ist noch in vollem Gange, denn die Reben werden sich erst in ein paar Wochen ausschlie\u00dflich auf die Entwicklung der Trauben konzentrieren.<\/p>\n<p>Nach dem Wetterumschwung w\u00e4hrend der Hauptbl\u00fctezeit vor knapp zwei Wochen sind bei den empfindlichen Sorten auch heuer leider wie schon 2009 wieder zahlreiche Trauben verrieselt.<\/p>\n<p>Die Erntemenge von Muskat Ottonel, Traminer und vielleicht auch anderen Sorten wird deshalb wohl deutlich unter dem langj\u00e4hrigen Durchschnitt liegen.<\/p>\n","protected":false},"excerpt":{"rendered":"<p>W\u00e4hrend da und dort noch ein paar versprengte Trauben bl\u00fchen, sind manche Beeren schon eher erbsen- als schrotkorngro\u00df (wie die offiziellen Entwicklungsstadien hei\u00dfen). Auch das Triebwachstum ist noch in vollem Gange, denn die Reben werden sich erst in ein paar Wochen ausschlie\u00dflich auf die Entwicklung der Trauben konzentrieren. Nach dem Wetterumschwung w\u00e4hrend der Hauptbl\u00fctezeit vor &#8230; <a title=\"Rasantes Wachstum\" class=\"read-more\" href=\"https:\/\/bernhard-fiedler.at\/weblog\/?p=2902\" aria-label=\"Mehr Informationen \u00fcber Rasantes Wachstum\">Weiterlesen<\/a><\/p>\n","protected":false},"author":2,"featured_media":0,"comment_status":"open","ping_status":"open","sticky":false,"template":"","format":"standard","meta":{"footnotes":""},"categories":[3],"tags":[],"class_list":["post-2902","post","type-post","status-publish","format-standard","hentry","category-im-weingarten"],"_links":{"self":[{"href":"https:\/\/bernhard-fiedler.at\/weblog\/index.php?rest_route=\/wp\/v2\/posts\/2902","targetHints":{"allow":["GET"]}}],"collection":[{"href":"https:\/\/bernhard-fiedler.at\/weblog\/index.php?rest_route=\/wp\/v2\/posts"}],"about":[{"href":"https:\/\/bernhard-fiedler.at\/weblog\/index.php?rest_route=\/wp\/v2\/types\/post"}],"author":[{"embeddable":true,"href":"https:\/\/bernhard-fiedler.at\/weblog\/index.php?rest_route=\/wp\/v2\/users\/2"}],"replies":[{"embeddable":true,"href":"https:\/\/bernhard-fiedler.at\/weblog\/index.php?rest_route=%2Fwp%2Fv2%2Fcomments&post=2902"}],"version-history":[{"count":6,"href":"https:\/\/bernhard-fiedler.at\/weblog\/index.php?rest_route=\/wp\/v2\/posts\/2902\/revisions"}],"predecessor-version":[{"id":2908,"href":"https:\/\/bernhard-fiedler.at\/weblog\/index.php?rest_route=\/wp\/v2\/posts\/2902\/revisions\/2908"}],"wp:attachment":[{"href":"https:\/\/bernhard-fiedler.at\/weblog\/index.php?rest_route=%2Fwp%2Fv2%2Fmedia&parent=2902"}],"wp:term":[{"taxonomy":"category","embeddable":true,"href":"https:\/\/bernhard-fiedler.at\/weblog\/index.php?rest_route=%2Fwp%2Fv2%2Fcategories&post=2902"},{"taxonomy":"post_tag","embeddable":true,"href":"https:\/\/bernhard-fiedler.at\/weblog\/index.php?rest_route=%2Fwp%2Fv2%2Ftags&post=2902"}],"curies":[{"name":"wp","href":"https:\/\/api.w.org\/{rel}","templated":true}]}}