{"id":288,"date":"2007-07-11T22:16:28","date_gmt":"2007-07-11T21:16:28","guid":{"rendered":"http:\/\/www.bernhard-fiedler.at\/weblog\/?p=288"},"modified":"2007-07-11T22:17:53","modified_gmt":"2007-07-11T21:17:53","slug":"wiener-blut","status":"publish","type":"post","link":"https:\/\/bernhard-fiedler.at\/weblog\/?p=288","title":{"rendered":"Wiener Blut"},"content":{"rendered":"<p><a href='https:\/\/bernhard-fiedler.at\/weblog\/wp-content\/uploads\/2007\/07\/wiener-blut.jpg' title='Wiener Blut 2007'><img src='https:\/\/bernhard-fiedler.at\/weblog\/wp-content\/uploads\/2007\/07\/wiener-blut.jpg' alt='Wiener Blut 2007' \/><\/a><br \/>\n<em>Foto: Seefestspiele M\u00f6rbisch by Lichtstark.com<\/em><\/p>\n<p>Morgen Donnerstag hat die <a href=\"http:\/\/de.wikipedia.org\/wiki\/Operette\">Operette<\/a> &#8222;<a href=\"http:\/\/http:\/\/de.wikipedia.org\/wiki\/Wiener_Blut\">Wiener Blut<\/a>&#8220; bei den diesj\u00e4hrigen <a href=\"http:\/\/www.seefestspiele-moerbisch.at\/\">Seefestspielen in M\u00f6rbisch<\/a> Premiere. Unter der (langj\u00e4hrigen) Intendanz von <a href=\"http:\/\/de.wikipedia.org\/wiki\/Harald_Serafin\">Harald Serafin<\/a> f\u00fchrt dabei erstmals <a href=\"http:\/\/de.wikipedia.org\/wiki\/Maximilian_Schell\">Maximilian Schell<\/a> Regie. Und erstmals in der 50-j\u00e4hrigen Geschichte der <a href=\"http:\/\/de.wikipedia.org\/wiki\/Seefestspiele_M%C3%B6rbisch\">Seefestspiele<\/a> wird die Premiere heuer auch ab 21.05 Uhr live in <a href=\"http:\/\/tv.orf.at\/program\/orf2\/20070712\/414289901\/237659\/\">ORF2<\/a> \u00fcbertragen.<\/p>\n<p>Bereits gestern Dienstag fand die \u00f6ffentliche Generalprobe statt, f\u00fcr die ich eine Karte hatte.<!--more--><\/p>\n<p>Die winterlichen 13\u00b0C (um Mitternacht) mitten im Juli machten den Abend zwar etwas ungem\u00fctlich, interessant war er aber allemal.<\/p>\n<p>Nach meiner laienhaften Meinung ist die heurige Auff\u00fchrung etwas zur\u00fcckhaltender inszeniert, als jene des Vorjahres. Regisseur <a href=\"http:\/\/de.wikipedia.org\/wiki\/Dietmar_Pflegerl\">Dietmar Pflegerl<\/a> legte 2006 beim &#8222;<a href=\"http:\/\/de.wikipedia.org\/wiki\/Der_Graf_von_Luxemburg\">Graf von Luxemburg<\/a>&#8220; offenbar mehr Wert auf ein imposantes B\u00fchnenbild und einige Show-Einlagen, w\u00e4hrend heuer die Regie und\/oder das St\u00fcck von einem relativ zur\u00fcckhaltenden B\u00fchnenbild und eher leiseren, historisch-politischen Anspielungen gepr\u00e4gt ist.<\/p>\n<p>Nun bin ich zwar nicht der gro\u00dfe Operettenfreund und habe im Vorjahr meine erste Vorstellung seit meinen Kindertagen gesehen. Aber es geht mir ein bi\u00dfchen wie Gert Korentschnig vom <a href=\"http:\/\/www.kurier.at\/\">Kurier<\/a>, der in einer Operetten-Sonderausgabe schreibt:<\/p>\n<p><em>Das Orchester, das jedes Jahr im tiefen Graben sitzt, beherrscht sein Handwerk. Der Dirigent hat keine Scheu vor Sentiment. Die Regisseure sind K\u00f6nner und verm\u00f6gen es fallweise sogar tats\u00e4chlich, sich mit dem Intendanten zu arrangieren. Und die S\u00e4nger sind so ziemlich die besten, die man heutzutage f\u00fcr dieses Fach bekommen kann &#8211; regelm\u00e4\u00dfig werden sie ein paar Saisonen sp\u00e4ter an die Volksoper nach Wien engagiert.<\/p>\n<p>Falls Sie all dies nicht kennen &#8211; es lohnt sich tats\u00e4chlich. Sagt jemand der Freiluftveranstaltungen skeptisch gegen\u00fcbersteht. Und wenn es Ihnen nicht gef\u00e4llt, wie auch dem Autor dieser Zeilen schon manches in M\u00f6rbisch nicht gefallen hat? Dann werden Sie immer noch Respekt vor dem Gesamtkunstwerk haben. Und im Idealfall mit Harald Serafin beim Ausgang streiten k\u00f6nnen.<\/em><\/p>\n","protected":false},"excerpt":{"rendered":"<p>Foto: Seefestspiele M\u00f6rbisch by Lichtstark.com Morgen Donnerstag hat die Operette &#8222;Wiener Blut&#8220; bei den diesj\u00e4hrigen Seefestspielen in M\u00f6rbisch Premiere. Unter der (langj\u00e4hrigen) Intendanz von Harald Serafin f\u00fchrt dabei erstmals Maximilian Schell Regie. Und erstmals in der 50-j\u00e4hrigen Geschichte der Seefestspiele wird die Premiere heuer auch ab 21.05 Uhr live in ORF2 \u00fcbertragen. Bereits gestern Dienstag &#8230; <a title=\"Wiener Blut\" class=\"read-more\" href=\"https:\/\/bernhard-fiedler.at\/weblog\/?p=288\" aria-label=\"Mehr Informationen \u00fcber Wiener Blut\">Weiterlesen<\/a><\/p>\n","protected":false},"author":2,"featured_media":0,"comment_status":"open","ping_status":"open","sticky":false,"template":"","format":"standard","meta":{"footnotes":""},"categories":[1],"tags":[],"class_list":["post-288","post","type-post","status-publish","format-standard","hentry","category-allgemein"],"_links":{"self":[{"href":"https:\/\/bernhard-fiedler.at\/weblog\/index.php?rest_route=\/wp\/v2\/posts\/288","targetHints":{"allow":["GET"]}}],"collection":[{"href":"https:\/\/bernhard-fiedler.at\/weblog\/index.php?rest_route=\/wp\/v2\/posts"}],"about":[{"href":"https:\/\/bernhard-fiedler.at\/weblog\/index.php?rest_route=\/wp\/v2\/types\/post"}],"author":[{"embeddable":true,"href":"https:\/\/bernhard-fiedler.at\/weblog\/index.php?rest_route=\/wp\/v2\/users\/2"}],"replies":[{"embeddable":true,"href":"https:\/\/bernhard-fiedler.at\/weblog\/index.php?rest_route=%2Fwp%2Fv2%2Fcomments&post=288"}],"version-history":[{"count":0,"href":"https:\/\/bernhard-fiedler.at\/weblog\/index.php?rest_route=\/wp\/v2\/posts\/288\/revisions"}],"wp:attachment":[{"href":"https:\/\/bernhard-fiedler.at\/weblog\/index.php?rest_route=%2Fwp%2Fv2%2Fmedia&parent=288"}],"wp:term":[{"taxonomy":"category","embeddable":true,"href":"https:\/\/bernhard-fiedler.at\/weblog\/index.php?rest_route=%2Fwp%2Fv2%2Fcategories&post=288"},{"taxonomy":"post_tag","embeddable":true,"href":"https:\/\/bernhard-fiedler.at\/weblog\/index.php?rest_route=%2Fwp%2Fv2%2Ftags&post=288"}],"curies":[{"name":"wp","href":"https:\/\/api.w.org\/{rel}","templated":true}]}}