{"id":2811,"date":"2010-06-03T20:22:49","date_gmt":"2010-06-03T19:22:49","guid":{"rendered":"http:\/\/www.bernhard-fiedler.at\/weblog\/?p=2811"},"modified":"2010-06-03T20:24:02","modified_gmt":"2010-06-03T19:24:02","slug":"nas-und-kalt","status":"publish","type":"post","link":"https:\/\/bernhard-fiedler.at\/weblog\/?p=2811","title":{"rendered":"Na\u00df und kalt"},"content":{"rendered":"<p><img loading=\"lazy\" decoding=\"async\" class=\"aligncenter size-full wp-image-2812\" style=\"border: 0px;\" title=\"Peronosporawetter\" src=\"https:\/\/bernhard-fiedler.at\/weblog\/wp-content\/uploads\/2010\/06\/Blattn\u00e4sse-komprimiert.jpg\" alt=\"Peronosporawetter\" width=\"508\" height=\"381\" srcset=\"https:\/\/bernhard-fiedler.at\/weblog\/wp-content\/uploads\/2010\/06\/Blattn\u00e4sse-komprimiert.jpg 508w, https:\/\/bernhard-fiedler.at\/weblog\/wp-content\/uploads\/2010\/06\/Blattn\u00e4sse-komprimiert-300x224.jpg 300w\" sizes=\"auto, (max-width: 508px) 100vw, 508px\" \/><\/p>\n<p>Jetzt ist es <a href=\"http:\/\/www.zamg.ac.at\/aktuell\/index.php?seite=1&amp;artikel=ZAMG_2010-05-28GMT13:04\">amtlich<\/a>: Der Mai 2010 war zu kalt, zu na\u00df und einer der drei sonnen\u00e4rmsten seit 1880. Und weil der Wonnemonat in den letzten 18 Jahren (mit Ausnahme von 2004) immer \u00fcberdurchschnittlich warm war, f\u00fchlt sich ein unterdurchschnittlicher wie der heurige noch viel schlimmer an.<\/p>\n<p>Nach einem auch eher k\u00fchlen M\u00e4rz und April, waren die Reben heuer schon\u00a0<a href=\"https:\/\/bernhard-fiedler.at\/weblog\/?p=2731\">Anfang Mai<\/a>\u00a0sp\u00e4ter dran, als in den letzten Jahren \u00fcblich.\u00a0Und weil der Mai nichts dazu beigetragen hat, um diesen R\u00fcckstand aufzuholen,\u00a0beginnt die Rebbl\u00fcte heuer (wie\u00a0k\u00fcrzlich bereits <a href=\"https:\/\/bernhard-fiedler.at\/weblog\/?p=2793\">hier<\/a> spekuliert) nat\u00fcrlich auch sp\u00e4ter.<\/p>\n<p>W\u00e4re es zwischenzeitlich nicht auch einmal ein paar Tage warm gewesen, h\u00e4tten sich die weit verbreiteten Symptome einer K\u00e4ltechlorose wohl deutlich verschlimmert. Eine Woche Normaltemperatur hat aber gen\u00fcgt, um den zuvor eher fahlen, gelb-gr\u00fcnen Rebbl\u00e4ttern mehr Leben einzuhauchen.<\/p>\n<p>Daf\u00fcr m\u00fcssen wir aber auch erste Peronospora-Infektionen bef\u00fcrchten, denn wie bereits <a href=\"https:\/\/bernhard-fiedler.at\/weblog\/?p=629\">2008<\/a> und <a href=\"https:\/\/bernhard-fiedler.at\/weblog\/?p=1501\">2009<\/a>\u00a0bietet warmes, aber nasses Wetter diesem Mehltaupilz beste Bedingungen.<\/p>\n<p>Wenn es am kommenden Wochenende tats\u00e4chlich endlich trocken(er) wird, und die Temperaturen steigen, wird sich das Wachstum der Reben wohl\u00a0stark beschleunigen.\u00a0Schlie\u00dflich warten unsere St\u00f6cke\u00a0 schon lange genug darauf, und die\u00a0\u00fcppigen Wasserreserven im Boden reichen f\u00fcr etliche Wochen.<\/p>\n<p>F\u00fcr uns bedeutet das nach einigen Wochen mit viel wetter- und vegetationsbedingtem Innendienst jede Menge Arbeit im Weingarten. Ich freue mich schon\u00a0darauf.<\/p>\n","protected":false},"excerpt":{"rendered":"<p>Jetzt ist es amtlich: Der Mai 2010 war zu kalt, zu na\u00df und einer der drei sonnen\u00e4rmsten seit 1880. Und weil der Wonnemonat in den letzten 18 Jahren (mit Ausnahme von 2004) immer \u00fcberdurchschnittlich warm war, f\u00fchlt sich ein unterdurchschnittlicher wie der heurige noch viel schlimmer an. Nach einem auch eher k\u00fchlen M\u00e4rz und April, &#8230; <a title=\"Na\u00df und kalt\" class=\"read-more\" href=\"https:\/\/bernhard-fiedler.at\/weblog\/?p=2811\" aria-label=\"Mehr Informationen \u00fcber Na\u00df und kalt\">Weiterlesen<\/a><\/p>\n","protected":false},"author":2,"featured_media":0,"comment_status":"open","ping_status":"open","sticky":false,"template":"","format":"standard","meta":{"footnotes":""},"categories":[8],"tags":[],"class_list":["post-2811","post","type-post","status-publish","format-standard","hentry","category-das-wetter"],"_links":{"self":[{"href":"https:\/\/bernhard-fiedler.at\/weblog\/index.php?rest_route=\/wp\/v2\/posts\/2811","targetHints":{"allow":["GET"]}}],"collection":[{"href":"https:\/\/bernhard-fiedler.at\/weblog\/index.php?rest_route=\/wp\/v2\/posts"}],"about":[{"href":"https:\/\/bernhard-fiedler.at\/weblog\/index.php?rest_route=\/wp\/v2\/types\/post"}],"author":[{"embeddable":true,"href":"https:\/\/bernhard-fiedler.at\/weblog\/index.php?rest_route=\/wp\/v2\/users\/2"}],"replies":[{"embeddable":true,"href":"https:\/\/bernhard-fiedler.at\/weblog\/index.php?rest_route=%2Fwp%2Fv2%2Fcomments&post=2811"}],"version-history":[{"count":8,"href":"https:\/\/bernhard-fiedler.at\/weblog\/index.php?rest_route=\/wp\/v2\/posts\/2811\/revisions"}],"predecessor-version":[{"id":2820,"href":"https:\/\/bernhard-fiedler.at\/weblog\/index.php?rest_route=\/wp\/v2\/posts\/2811\/revisions\/2820"}],"wp:attachment":[{"href":"https:\/\/bernhard-fiedler.at\/weblog\/index.php?rest_route=%2Fwp%2Fv2%2Fmedia&parent=2811"}],"wp:term":[{"taxonomy":"category","embeddable":true,"href":"https:\/\/bernhard-fiedler.at\/weblog\/index.php?rest_route=%2Fwp%2Fv2%2Fcategories&post=2811"},{"taxonomy":"post_tag","embeddable":true,"href":"https:\/\/bernhard-fiedler.at\/weblog\/index.php?rest_route=%2Fwp%2Fv2%2Ftags&post=2811"}],"curies":[{"name":"wp","href":"https:\/\/api.w.org\/{rel}","templated":true}]}}