{"id":2793,"date":"2010-05-25T06:22:55","date_gmt":"2010-05-25T05:22:55","guid":{"rendered":"http:\/\/www.bernhard-fiedler.at\/weblog\/?p=2793"},"modified":"2010-05-25T06:22:55","modified_gmt":"2010-05-25T05:22:55","slug":"jahrgangsprognosen","status":"publish","type":"post","link":"https:\/\/bernhard-fiedler.at\/weblog\/?p=2793","title":{"rendered":"Jahrgangsprognosen"},"content":{"rendered":"<p style=\"text-align: center;\"><img loading=\"lazy\" decoding=\"async\" class=\"aligncenter size-full wp-image-2792\" style=\"border: 0px;\" title=\"Langsames Wachstum\" src=\"https:\/\/bernhard-fiedler.at\/weblog\/wp-content\/uploads\/2010\/05\/K1-bearbeitet.jpg\" alt=\"Langsames Wachstum\" width=\"508\" height=\"296\" srcset=\"https:\/\/bernhard-fiedler.at\/weblog\/wp-content\/uploads\/2010\/05\/K1-bearbeitet.jpg 508w, https:\/\/bernhard-fiedler.at\/weblog\/wp-content\/uploads\/2010\/05\/K1-bearbeitet-300x174.jpg 300w\" sizes=\"auto, (max-width: 508px) 100vw, 508px\" \/><\/p>\n<p><a href=\"https:\/\/bernhard-fiedler.at\/weblog\/?p=1359\">Vor einem Jahr<\/a> standen die Reben um diese Zeit schon in (fast) voller Bl\u00fcte, und auch 2007 war es \u00e4hnlich. Heuer werden wir hingegen wohl noch drei Wochen bis zum Beginn der Weinbl\u00fcte warten m\u00fcssen.<\/p>\n<p>W\u00e4hrend sich einzelne Weinbauern dar\u00fcber etwas besorgt zeigen, neigt die Mehrheit (der ich mich in diesem Fall anschlie\u00dfe) diesbez\u00fcglich zu einer eher einer entspannten Haltung.<\/p>\n<p>Sieht man sich n\u00e4mlich\u00a0<a href=\"https:\/\/bernhard-fiedler.at\/weblog\/?p=235\">diese<\/a> Aufstellung der Zusammenh\u00e4nge zwischen Bl\u00fcte- und Erntetermin an, so scheint ein &#8211; eigentlich normaler &#8211; Lesebeginn Ende September immer noch m\u00f6glich und mit ihm ein guter Jahrgang.<\/p>\n<p>Genausogut, wie man also im Moment eine sp\u00e4te und am Ende nicht ganz ausreichende Reife der Trauben bef\u00fcrchten kann, darf man sich auch dar\u00fcber freuen, dass\u00a0Endreife und Ernte mit gro\u00dfer Wahrscheinlichkeit unter vergleichsweise k\u00fchlen und damit aroma- und s\u00e4ureerhaltenden Bedingungen erfolgen wird.<\/p>\n<p>Lassen wir uns \u00fcberraschen.<\/p>\n","protected":false},"excerpt":{"rendered":"<p>Vor einem Jahr standen die Reben um diese Zeit schon in (fast) voller Bl\u00fcte, und auch 2007 war es \u00e4hnlich. Heuer werden wir hingegen wohl noch drei Wochen bis zum Beginn der Weinbl\u00fcte warten m\u00fcssen. W\u00e4hrend sich einzelne Weinbauern dar\u00fcber etwas besorgt zeigen, neigt die Mehrheit (der ich mich in diesem Fall anschlie\u00dfe) diesbez\u00fcglich zu &#8230; <a title=\"Jahrgangsprognosen\" class=\"read-more\" href=\"https:\/\/bernhard-fiedler.at\/weblog\/?p=2793\" aria-label=\"Mehr Informationen \u00fcber Jahrgangsprognosen\">Weiterlesen<\/a><\/p>\n","protected":false},"author":2,"featured_media":0,"comment_status":"open","ping_status":"open","sticky":false,"template":"","format":"standard","meta":{"footnotes":""},"categories":[3],"tags":[],"class_list":["post-2793","post","type-post","status-publish","format-standard","hentry","category-im-weingarten"],"_links":{"self":[{"href":"https:\/\/bernhard-fiedler.at\/weblog\/index.php?rest_route=\/wp\/v2\/posts\/2793","targetHints":{"allow":["GET"]}}],"collection":[{"href":"https:\/\/bernhard-fiedler.at\/weblog\/index.php?rest_route=\/wp\/v2\/posts"}],"about":[{"href":"https:\/\/bernhard-fiedler.at\/weblog\/index.php?rest_route=\/wp\/v2\/types\/post"}],"author":[{"embeddable":true,"href":"https:\/\/bernhard-fiedler.at\/weblog\/index.php?rest_route=\/wp\/v2\/users\/2"}],"replies":[{"embeddable":true,"href":"https:\/\/bernhard-fiedler.at\/weblog\/index.php?rest_route=%2Fwp%2Fv2%2Fcomments&post=2793"}],"version-history":[{"count":2,"href":"https:\/\/bernhard-fiedler.at\/weblog\/index.php?rest_route=\/wp\/v2\/posts\/2793\/revisions"}],"predecessor-version":[{"id":2795,"href":"https:\/\/bernhard-fiedler.at\/weblog\/index.php?rest_route=\/wp\/v2\/posts\/2793\/revisions\/2795"}],"wp:attachment":[{"href":"https:\/\/bernhard-fiedler.at\/weblog\/index.php?rest_route=%2Fwp%2Fv2%2Fmedia&parent=2793"}],"wp:term":[{"taxonomy":"category","embeddable":true,"href":"https:\/\/bernhard-fiedler.at\/weblog\/index.php?rest_route=%2Fwp%2Fv2%2Fcategories&post=2793"},{"taxonomy":"post_tag","embeddable":true,"href":"https:\/\/bernhard-fiedler.at\/weblog\/index.php?rest_route=%2Fwp%2Fv2%2Ftags&post=2793"}],"curies":[{"name":"wp","href":"https:\/\/api.w.org\/{rel}","templated":true}]}}