{"id":275,"date":"2007-06-29T20:51:05","date_gmt":"2007-06-29T19:51:05","guid":{"rendered":"http:\/\/www.bernhard-fiedler.at\/weblog\/?p=275"},"modified":"2007-06-29T20:53:45","modified_gmt":"2007-06-29T19:53:45","slug":"reifebeginn-in-sicht","status":"publish","type":"post","link":"https:\/\/bernhard-fiedler.at\/weblog\/?p=275","title":{"rendered":"Reifebeginn in Sicht!"},"content":{"rendered":"<p><a href='https:\/\/bernhard-fiedler.at\/weblog\/wp-content\/uploads\/2007\/06\/bianca1-29-6-07.JPG' title='Bianca-Traube an der Hausmauer am 29. Juni 2007'><img src='https:\/\/bernhard-fiedler.at\/weblog\/wp-content\/uploads\/2007\/06\/bianca1-29-6-07.JPG' alt='Bianca-Traube an der Hausmauer am 29. Juni 2007' \/><\/a><\/p>\n<p>Nicht das ich mir das w\u00fcnschen w\u00fcrde, aber wie angesichts der bisherigen Entwicklung der Reben nicht anders zu erwarten, n\u00e4hert sich die Phase der Traubenreife in Riesenschritten. Die ersten Beeren unserer <a href=\"http:\/\/www.wein-plus.de\/glossar\/Bianca.htm\">Bianca<\/a>-Rebe an der Hausmauer zeigen schon eine leichte Wachsschicht und beginnen langsam weich zu werden und sich zu &#8222;brechen&#8220; (durchscheinend zu werden).<!--more--><\/p>\n<p>Nat\u00fcrlich handelt es sich dabei um eine Fr\u00fchsorte, die noch dazu an einem beg\u00fcnstigten Platz steht. Aber wenn man davon ausgeht, da\u00df sich der Reifevorsprung seit dem Bl\u00fctebeginn der <a href=\"https:\/\/bernhard-fiedler.at\/weblog\/?p=229\">Bianca-Rebe<\/a> gegen\u00fcber den <a href=\"https:\/\/bernhard-fiedler.at\/weblog\/?p=235\">&#8222;richtigen&#8220; Weing\u00e4rten<\/a> nicht wesentlich ver\u00e4ndert hat, ist auch im Weingarten in etwa 10 Tagen mit der allerersten Phase des Reifebeginns zu rechnen.<\/p>\n<p>Das deckt sich auch mit unseren Statistiken aus anderen fr\u00fchen Jahren. Im Jahr 2003 war die Bl\u00fcte ein paar Tage sp\u00e4ter als heuer und wir konnten die ersten blauen Beeren beim Zweigelt rund um den 13. Juli finden. Nur zum Vergleich: In sp\u00e4ten Jahren (aber deshalb nicht zwangsl\u00e4ufig schlechten, siehe 2004) beginnt die Umf\u00e4rbung gut zwei Wochen sp\u00e4ter.<\/p>\n<p>Auch der <a href=\"http:\/\/www.rebschutzdienst.at\/Krankh_Schaedlinge\/Kr_Sch_Beschr_Bilder\/17_Traubenwickler\/Traubenwickler.htm\">Traubenwickler<\/a> (ein Schmetterling, der seine Eier auf die Trauben legt und die daraus schl\u00fcpfenden Raupen an den jungen Beeren fressen) pa\u00dft seine Entwicklung an den aktuellen Stand der Vegetation an. Seine zweite Generation, der sogenannte Sauerwurm tritt heuer so fr\u00fch auf, wie noch nie:<\/p>\n<p><strong>2007:<\/strong><br \/>\n(<a href=\"http:\/\/www.wickler-watch.at\/\">hier<\/a> tagesaktuell f\u00fcr die wichtigsten Weinbaugebiete dokumentiert)<br \/>\nFalterflug (=Paarungszeit) ab 14. Juni, Eiablage ab 18. Juni, Raupenschlupf ab 23. Juni<\/p>\n<p><strong>2006:<\/strong><br \/>\nFlug ab 3. Juli, Eiablage ab 7. Juli, Raupenschlupf ab 11. Juli<\/p>\n<p><strong>2005:<\/strong><br \/>\nFlug ab 4. Juli, Eiablage ab 7. Juli, Raupenschlupf ab 17. Juli<\/p>\n<p><strong>2004:<\/strong><br \/>\nFlug ab 12. Juli, Eiablage ab 21. Juli, Raupenschlupf ab 26. Juli<\/p>\n<p><strong>2003:<\/strong><br \/>\nFlug ab 21. Juni, Eiablage ab 24. Juni, Raupenschlupf ab 29. Juni<\/p>\n<p><strong>2002:<\/strong><br \/>\nFlug ab 27. Juni, Eiablage ab 2. Juli, Raupenschlupf ab 9. Juli<\/p>\n<p><strong>2000:<\/strong><br \/>\nFlug ab 17. Juni, Eiablage ab 23. Juni, Raupenschlupf ab 26. Juni<\/p>\n","protected":false},"excerpt":{"rendered":"<p>Nicht das ich mir das w\u00fcnschen w\u00fcrde, aber wie angesichts der bisherigen Entwicklung der Reben nicht anders zu erwarten, n\u00e4hert sich die Phase der Traubenreife in Riesenschritten. Die ersten Beeren unserer Bianca-Rebe an der Hausmauer zeigen schon eine leichte Wachsschicht und beginnen langsam weich zu werden und sich zu &#8222;brechen&#8220; (durchscheinend zu werden).<\/p>\n","protected":false},"author":2,"featured_media":0,"comment_status":"open","ping_status":"open","sticky":false,"template":"","format":"standard","meta":{"footnotes":""},"categories":[3],"tags":[],"class_list":["post-275","post","type-post","status-publish","format-standard","hentry","category-im-weingarten"],"_links":{"self":[{"href":"https:\/\/bernhard-fiedler.at\/weblog\/index.php?rest_route=\/wp\/v2\/posts\/275","targetHints":{"allow":["GET"]}}],"collection":[{"href":"https:\/\/bernhard-fiedler.at\/weblog\/index.php?rest_route=\/wp\/v2\/posts"}],"about":[{"href":"https:\/\/bernhard-fiedler.at\/weblog\/index.php?rest_route=\/wp\/v2\/types\/post"}],"author":[{"embeddable":true,"href":"https:\/\/bernhard-fiedler.at\/weblog\/index.php?rest_route=\/wp\/v2\/users\/2"}],"replies":[{"embeddable":true,"href":"https:\/\/bernhard-fiedler.at\/weblog\/index.php?rest_route=%2Fwp%2Fv2%2Fcomments&post=275"}],"version-history":[{"count":0,"href":"https:\/\/bernhard-fiedler.at\/weblog\/index.php?rest_route=\/wp\/v2\/posts\/275\/revisions"}],"wp:attachment":[{"href":"https:\/\/bernhard-fiedler.at\/weblog\/index.php?rest_route=%2Fwp%2Fv2%2Fmedia&parent=275"}],"wp:term":[{"taxonomy":"category","embeddable":true,"href":"https:\/\/bernhard-fiedler.at\/weblog\/index.php?rest_route=%2Fwp%2Fv2%2Fcategories&post=275"},{"taxonomy":"post_tag","embeddable":true,"href":"https:\/\/bernhard-fiedler.at\/weblog\/index.php?rest_route=%2Fwp%2Fv2%2Ftags&post=275"}],"curies":[{"name":"wp","href":"https:\/\/api.w.org\/{rel}","templated":true}]}}