{"id":2731,"date":"2010-05-11T22:57:08","date_gmt":"2010-05-11T21:57:08","guid":{"rendered":"http:\/\/www.bernhard-fiedler.at\/weblog\/?p=2731"},"modified":"2010-05-11T22:59:18","modified_gmt":"2010-05-11T21:59:18","slug":"reden-wir-ubers-wetter","status":"publish","type":"post","link":"https:\/\/bernhard-fiedler.at\/weblog\/?p=2731","title":{"rendered":"Reden wir \u00fcbers Wetter"},"content":{"rendered":"<p style=\"text-align: center;\"><img loading=\"lazy\" decoding=\"async\" class=\"aligncenter size-full wp-image-2732\" style=\"border: 0px;\" title=\"Ein sp\u00e4tes Fr\u00fchjahr\" src=\"https:\/\/bernhard-fiedler.at\/weblog\/wp-content\/uploads\/2010\/05\/Junganlage4-komprimiert.jpg\" alt=\"Ein sp\u00e4tes Fr\u00fchjahr\" width=\"508\" height=\"323\" srcset=\"https:\/\/bernhard-fiedler.at\/weblog\/wp-content\/uploads\/2010\/05\/Junganlage4-komprimiert.jpg 508w, https:\/\/bernhard-fiedler.at\/weblog\/wp-content\/uploads\/2010\/05\/Junganlage4-komprimiert-300x190.jpg 300w\" sizes=\"auto, (max-width: 508px) 100vw, 508px\" \/><\/p>\n<p>Wenn man kein gemeinsames Gespr\u00e4chsthema findet, unterh\u00e4lt man sich gerne \u00fcbers Wetter, um ein unangenehmes Schweigen zu vermeiden.<\/p>\n<p>Und wenn man derart mit (\u00fcberwiegend nebenberuflicher) Arbeit eigedeckt ist, dass einem kaum Zeit zum Bloggen bleibt, sind ein paar Zeilen zur Witterung zumindest f\u00fcr die Blogstatistik auch sehr hilfreich.<\/p>\n<p>Nach seinem <a href=\"https:\/\/bernhard-fiedler.at\/weblog\/?p=2593\">sp\u00e4ten Beginn<\/a> entwickelt sich das heurige Fr\u00fchjahr bisher sehr eigenartig. Nicht wirklich kalt, aber trotzdem mit recht langsamem Wachstum. Nicht wirklich feucht, aber mit regelm\u00e4\u00dfigen kleinen Regenschauern.<\/p>\n<p>Die Reben reagieren darauf mit bravem, aber etwas z\u00f6gerlichem Wuchs, die Gr\u00e4ser und Kr\u00e4uter\u00a0darunter entwickeln sich hingegen wesentlich \u00fcppiger als auf obigem alten Foto.<\/p>\n<p>Wirklich schlie\u00dfen kann man daraus nichts, aber das ist ja auch nicht unbedingt der Sinn von Wettergespr\u00e4chen&#8230;<\/p>\n","protected":false},"excerpt":{"rendered":"<p>Wenn man kein gemeinsames Gespr\u00e4chsthema findet, unterh\u00e4lt man sich gerne \u00fcbers Wetter, um ein unangenehmes Schweigen zu vermeiden. Und wenn man derart mit (\u00fcberwiegend nebenberuflicher) Arbeit eigedeckt ist, dass einem kaum Zeit zum Bloggen bleibt, sind ein paar Zeilen zur Witterung zumindest f\u00fcr die Blogstatistik auch sehr hilfreich. Nach seinem sp\u00e4ten Beginn entwickelt sich das &#8230; <a title=\"Reden wir \u00fcbers Wetter\" class=\"read-more\" href=\"https:\/\/bernhard-fiedler.at\/weblog\/?p=2731\" aria-label=\"Mehr Informationen \u00fcber Reden wir \u00fcbers Wetter\">Weiterlesen<\/a><\/p>\n","protected":false},"author":2,"featured_media":0,"comment_status":"open","ping_status":"open","sticky":false,"template":"","format":"standard","meta":{"footnotes":""},"categories":[8],"tags":[],"class_list":["post-2731","post","type-post","status-publish","format-standard","hentry","category-das-wetter"],"_links":{"self":[{"href":"https:\/\/bernhard-fiedler.at\/weblog\/index.php?rest_route=\/wp\/v2\/posts\/2731","targetHints":{"allow":["GET"]}}],"collection":[{"href":"https:\/\/bernhard-fiedler.at\/weblog\/index.php?rest_route=\/wp\/v2\/posts"}],"about":[{"href":"https:\/\/bernhard-fiedler.at\/weblog\/index.php?rest_route=\/wp\/v2\/types\/post"}],"author":[{"embeddable":true,"href":"https:\/\/bernhard-fiedler.at\/weblog\/index.php?rest_route=\/wp\/v2\/users\/2"}],"replies":[{"embeddable":true,"href":"https:\/\/bernhard-fiedler.at\/weblog\/index.php?rest_route=%2Fwp%2Fv2%2Fcomments&post=2731"}],"version-history":[{"count":3,"href":"https:\/\/bernhard-fiedler.at\/weblog\/index.php?rest_route=\/wp\/v2\/posts\/2731\/revisions"}],"predecessor-version":[{"id":2734,"href":"https:\/\/bernhard-fiedler.at\/weblog\/index.php?rest_route=\/wp\/v2\/posts\/2731\/revisions\/2734"}],"wp:attachment":[{"href":"https:\/\/bernhard-fiedler.at\/weblog\/index.php?rest_route=%2Fwp%2Fv2%2Fmedia&parent=2731"}],"wp:term":[{"taxonomy":"category","embeddable":true,"href":"https:\/\/bernhard-fiedler.at\/weblog\/index.php?rest_route=%2Fwp%2Fv2%2Fcategories&post=2731"},{"taxonomy":"post_tag","embeddable":true,"href":"https:\/\/bernhard-fiedler.at\/weblog\/index.php?rest_route=%2Fwp%2Fv2%2Ftags&post=2731"}],"curies":[{"name":"wp","href":"https:\/\/api.w.org\/{rel}","templated":true}]}}