{"id":2713,"date":"2010-05-07T22:02:02","date_gmt":"2010-05-07T21:02:02","guid":{"rendered":"http:\/\/www.bernhard-fiedler.at\/weblog\/?p=2713"},"modified":"2010-05-07T22:49:28","modified_gmt":"2010-05-07T21:49:28","slug":"nur-kein-stres","status":"publish","type":"post","link":"https:\/\/bernhard-fiedler.at\/weblog\/?p=2713","title":{"rendered":"Nur kein Stre\u00df"},"content":{"rendered":"<p style=\"text-align: center;\"><img loading=\"lazy\" decoding=\"async\" class=\"aligncenter size-full wp-image-2714\" style=\"border: 0px;\" title=\"Foto: \u00d6WM\/Faber\" src=\"https:\/\/bernhard-fiedler.at\/weblog\/wp-content\/uploads\/2010\/05\/Gl\u00e4ser-am-See-\u00d6MW-Faber-bearbeitet.jpg\" alt=\"Gl\u00e4ser am See \u00d6MW-Faber bearbeitet\" width=\"508\" height=\"345\" srcset=\"https:\/\/bernhard-fiedler.at\/weblog\/wp-content\/uploads\/2010\/05\/Gl\u00e4ser-am-See-\u00d6MW-Faber-bearbeitet.jpg 508w, https:\/\/bernhard-fiedler.at\/weblog\/wp-content\/uploads\/2010\/05\/Gl\u00e4ser-am-See-\u00d6MW-Faber-bearbeitet-300x203.jpg 300w\" sizes=\"auto, (max-width: 508px) 100vw, 508px\" \/><\/p>\n<p>In Weinfreak-Kreisen wird gerne \u00fcber Industrieweine geklagt, und \u00fcber solche, die aus rein kommerziellen Interessen viel zu schnell und viel zu fr\u00fch auf den Markt geworfen werden.<\/p>\n<p>Ich bin ja der Meinung, dass die mitunter &#8222;langsamer&#8220; Wein genannten Gegenbeispiele gar nicht so selten sind, ihre Entstehungsgeschichte aber von den Produzenten (weil f\u00fcr eine Selbstverst\u00e4ndlichkeit ihres anst\u00e4ndigen Berufsverst\u00e4ndnisses gehalten)\u00a0oft einfach nicht so prominent kommuniziert wird.<\/p>\n<p>Um das in unserem Fall ausnahmsweise zu \u00e4ndern, folgt hier anl\u00e4sslich seiner Abf\u00fcllung vor ein paar Tagen der einigerma\u00dfen minimalistische Kellerbucheintrag unseres Pinot blanc 2009 (mit erl\u00e4uternden Erg\u00e4nzungen in heller Schrift):<\/p>\n<p><!--more--><\/p>\n<blockquote><p><em>Fa\u00df 878l<\/em><\/p>\n<p><strong><span style=\"text-decoration: underline;\"><em>PB 2009 &#8211; \u00a0Wieser alt &#8211; +18,5\u00b0KMW<\/em><\/span><\/strong><\/p>\n<p><em>gelesen am 18. 9., bedeckt, trocken, mild; 3 Boxen +150 kg<\/em> (d.h. ca. 5500kg\/ha); <em>gerebelt, kein <a href=\"https:\/\/bernhard-fiedler.at\/weblog\/?p=422\">SO2<\/a><\/em><\/p>\n<p><em>ca. 5 Std. <a href=\"https:\/\/bernhard-fiedler.at\/weblog\/?p=77#more-77\">Maischestandzeit<\/a> bei ca. 19\u00b0C; 150 g\/hl Canaton <\/em><a href=\"https:\/\/bernhard-fiedler.at\/weblog\/?p=431\">(Mostbentonit)<\/a><em>, <a href=\"https:\/\/bernhard-fiedler.at\/weblog\/?p=83\">entschleimt<\/a><\/em><\/p>\n<p><em>Dichte 1090; 19\u00b0C; pH 3,34; S\u00e4ure 7,0 g\/l; EC 1118<\/em> (ein zur\u00fcckhaltend agierender <a href=\"https:\/\/bernhard-fiedler.at\/weblog\/?p=468\">Reinzuchthefestamm<\/a>)<em> bewu\u00dft schwach dosiert<\/em><\/p>\n<p><em>vollgef\u00fcllt mit Neuburger 2009 (+18\u00b0KMW, ungeschwefelt) am 6. 10.<\/em><\/p>\n<p><em>50 mg <a href=\"https:\/\/bernhard-fiedler.at\/weblog\/?p=639\">SO2<\/a> (deutlich CO2 trotz Dichte 991-990) <\/em>(was auf einen spontan beginnenden, aber nicht gew\u00fcnschten <a href=\"https:\/\/bernhard-fiedler.at\/weblog\/?p=131\">S\u00e4ureabbau<\/a> hindeutete)<em>, nicht gemischt am 8. 10.<\/em><\/p>\n<p><em>+20 mg SO2 (nicht gemischt) am 31. 10.<\/em><\/p>\n<p><em><a href=\"https:\/\/bernhard-fiedler.at\/weblog\/?p=99\">gezogen<\/a><\/em> (von der Hefe) <em>und retour, mit PB Wald unten vollgemacht am 10. 11.<\/em><\/p>\n<p><em>34 mg SO2 bestimmt am 1. 12.<\/em><\/p>\n<p><em>28 mg SO2 bestimmt <\/em><em>+15 mg SO2, nicht gemischt am 1. 3.<\/em><\/p>\n<p><em>eiwei\u00dfstabil, 5,8 g\/l S\u00e4ure (Lagerhaus Eisenstadt) am 25. 3.<\/em><\/p>\n<p><em>40 mg SO2 bestimmt am 19. 4.<\/em><\/p>\n<p><em>K150-<a href=\"https:\/\/bernhard-fiedler.at\/weblog\/?p=138\">Filtration<\/a><\/em> (um den von allein schon ziemlich klaren Wein auf die Abf\u00fcllung vorzubereiten)<em> in Transporttank am 3. 5.<\/em><\/p>\n<p><em>41mg SO2 bestimmt, +5 mg SO2, so gef\u00fcllt am 4. 5.<\/em> (dabei\u00a0erfolgte in unserer gemeinschaftlichen Abf\u00fcllanlage eine Sterilfiltration \u00fcber Membrane)<\/p>\n<p>\u00dcber die G\u00e4rung selbst sagt meine Dichtekurve, dass diese zwischen 19. und 20. 9. begonnen und zeitweise moderat gek\u00fchlt bei Temperaturen zwischen knapp 18 und knapp 21\u00b0C bis 4. 10. gedauert hat.<\/p><\/blockquote>\n<p>Kurz zusammengefa\u00dft kann man also sagen, dass unser Pinot blanc 2009 in den fast acht Monaten zwischen dem Einf\u00fcllen des Traubenmostes in das Fa\u00df und dem Tag vor der Abf\u00fcllung genau einmal beim Abziehen von der Hefe bewegt wurde.<\/p>\n<p>Die anderen Eintr\u00e4ge dokumentieren fast ausschlie\u00dflich die notwendige begleitende Kontrolle bzw. Erg\u00e4nzung des SO2-Spiegels (w\u00e4hrend unsere zahllosen Verkostungen nicht notiert wurden).<\/p>\n<p>Obwohl die F\u00fcllung angesichts der weitgehenden Selbstkl\u00e4rung seit dem Abzug von der Hefe sehr schonend verlaufen ist, darf sich der Wein jetzt noch einige Wochen in der Flasche erholen. Stre\u00dffreier geht\u00b4s kaum&#8230;<\/p>\n","protected":false},"excerpt":{"rendered":"<p>In Weinfreak-Kreisen wird gerne \u00fcber Industrieweine geklagt, und \u00fcber solche, die aus rein kommerziellen Interessen viel zu schnell und viel zu fr\u00fch auf den Markt geworfen werden. Ich bin ja der Meinung, dass die mitunter &#8222;langsamer&#8220; Wein genannten Gegenbeispiele gar nicht so selten sind, ihre Entstehungsgeschichte aber von den Produzenten (weil f\u00fcr eine Selbstverst\u00e4ndlichkeit ihres &#8230; <a title=\"Nur kein Stre\u00df\" class=\"read-more\" href=\"https:\/\/bernhard-fiedler.at\/weblog\/?p=2713\" aria-label=\"Mehr Informationen \u00fcber Nur kein Stre\u00df\">Weiterlesen<\/a><\/p>\n","protected":false},"author":2,"featured_media":0,"comment_status":"open","ping_status":"open","sticky":false,"template":"","format":"standard","meta":{"footnotes":""},"categories":[4],"tags":[],"class_list":["post-2713","post","type-post","status-publish","format-standard","hentry","category-im-keller"],"_links":{"self":[{"href":"https:\/\/bernhard-fiedler.at\/weblog\/index.php?rest_route=\/wp\/v2\/posts\/2713","targetHints":{"allow":["GET"]}}],"collection":[{"href":"https:\/\/bernhard-fiedler.at\/weblog\/index.php?rest_route=\/wp\/v2\/posts"}],"about":[{"href":"https:\/\/bernhard-fiedler.at\/weblog\/index.php?rest_route=\/wp\/v2\/types\/post"}],"author":[{"embeddable":true,"href":"https:\/\/bernhard-fiedler.at\/weblog\/index.php?rest_route=\/wp\/v2\/users\/2"}],"replies":[{"embeddable":true,"href":"https:\/\/bernhard-fiedler.at\/weblog\/index.php?rest_route=%2Fwp%2Fv2%2Fcomments&post=2713"}],"version-history":[{"count":16,"href":"https:\/\/bernhard-fiedler.at\/weblog\/index.php?rest_route=\/wp\/v2\/posts\/2713\/revisions"}],"predecessor-version":[{"id":2729,"href":"https:\/\/bernhard-fiedler.at\/weblog\/index.php?rest_route=\/wp\/v2\/posts\/2713\/revisions\/2729"}],"wp:attachment":[{"href":"https:\/\/bernhard-fiedler.at\/weblog\/index.php?rest_route=%2Fwp%2Fv2%2Fmedia&parent=2713"}],"wp:term":[{"taxonomy":"category","embeddable":true,"href":"https:\/\/bernhard-fiedler.at\/weblog\/index.php?rest_route=%2Fwp%2Fv2%2Fcategories&post=2713"},{"taxonomy":"post_tag","embeddable":true,"href":"https:\/\/bernhard-fiedler.at\/weblog\/index.php?rest_route=%2Fwp%2Fv2%2Ftags&post=2713"}],"curies":[{"name":"wp","href":"https:\/\/api.w.org\/{rel}","templated":true}]}}