{"id":2690,"date":"2010-04-29T22:21:58","date_gmt":"2010-04-29T21:21:58","guid":{"rendered":"http:\/\/www.bernhard-fiedler.at\/weblog\/?p=2690"},"modified":"2010-04-29T22:21:58","modified_gmt":"2010-04-29T21:21:58","slug":"spat-aber-doch","status":"publish","type":"post","link":"https:\/\/bernhard-fiedler.at\/weblog\/?p=2690","title":{"rendered":"Sp\u00e4t, aber doch"},"content":{"rendered":"<p style=\"text-align: center;\"><img loading=\"lazy\" decoding=\"async\" class=\"aligncenter size-full wp-image-2689\" style=\"border: 0px;\" title=\"Austrieb\" src=\"https:\/\/bernhard-fiedler.at\/weblog\/wp-content\/uploads\/2010\/04\/Austrieb-bearbeitet.jpg\" alt=\"Austrieb bearbeitet\" width=\"508\" height=\"422\" srcset=\"https:\/\/bernhard-fiedler.at\/weblog\/wp-content\/uploads\/2010\/04\/Austrieb-bearbeitet.jpg 508w, https:\/\/bernhard-fiedler.at\/weblog\/wp-content\/uploads\/2010\/04\/Austrieb-bearbeitet-300x249.jpg 300w\" sizes=\"auto, (max-width: 508px) 100vw, 508px\" \/><\/p>\n<p>Wie bereits die <a href=\"https:\/\/bernhard-fiedler.at\/weblog\/?p=2593\">Mandelb\u00e4ume<\/a> starten auch die Reben deutlich versp\u00e4tet in das Jahr 2010. \u00dcber die m\u00f6gliche Qualit\u00e4t des Jahrgangs sagt das freilich noch gar nichts aus. Zu\u00a0viel gutes wie weniger positives kann bis zur Ernte noch \u00a0passieren.<\/p>\n","protected":false},"excerpt":{"rendered":"<p>Wie bereits die Mandelb\u00e4ume starten auch die Reben deutlich versp\u00e4tet in das Jahr 2010. \u00dcber die m\u00f6gliche Qualit\u00e4t des Jahrgangs sagt das freilich noch gar nichts aus. Zu\u00a0viel gutes wie weniger positives kann bis zur Ernte noch \u00a0passieren.<\/p>\n","protected":false},"author":2,"featured_media":0,"comment_status":"open","ping_status":"open","sticky":false,"template":"","format":"standard","meta":{"footnotes":""},"categories":[3],"tags":[],"class_list":["post-2690","post","type-post","status-publish","format-standard","hentry","category-im-weingarten"],"_links":{"self":[{"href":"https:\/\/bernhard-fiedler.at\/weblog\/index.php?rest_route=\/wp\/v2\/posts\/2690","targetHints":{"allow":["GET"]}}],"collection":[{"href":"https:\/\/bernhard-fiedler.at\/weblog\/index.php?rest_route=\/wp\/v2\/posts"}],"about":[{"href":"https:\/\/bernhard-fiedler.at\/weblog\/index.php?rest_route=\/wp\/v2\/types\/post"}],"author":[{"embeddable":true,"href":"https:\/\/bernhard-fiedler.at\/weblog\/index.php?rest_route=\/wp\/v2\/users\/2"}],"replies":[{"embeddable":true,"href":"https:\/\/bernhard-fiedler.at\/weblog\/index.php?rest_route=%2Fwp%2Fv2%2Fcomments&post=2690"}],"version-history":[{"count":2,"href":"https:\/\/bernhard-fiedler.at\/weblog\/index.php?rest_route=\/wp\/v2\/posts\/2690\/revisions"}],"predecessor-version":[{"id":2692,"href":"https:\/\/bernhard-fiedler.at\/weblog\/index.php?rest_route=\/wp\/v2\/posts\/2690\/revisions\/2692"}],"wp:attachment":[{"href":"https:\/\/bernhard-fiedler.at\/weblog\/index.php?rest_route=%2Fwp%2Fv2%2Fmedia&parent=2690"}],"wp:term":[{"taxonomy":"category","embeddable":true,"href":"https:\/\/bernhard-fiedler.at\/weblog\/index.php?rest_route=%2Fwp%2Fv2%2Fcategories&post=2690"},{"taxonomy":"post_tag","embeddable":true,"href":"https:\/\/bernhard-fiedler.at\/weblog\/index.php?rest_route=%2Fwp%2Fv2%2Ftags&post=2690"}],"curies":[{"name":"wp","href":"https:\/\/api.w.org\/{rel}","templated":true}]}}