{"id":2611,"date":"2010-04-03T21:03:56","date_gmt":"2010-04-03T20:03:56","guid":{"rendered":"http:\/\/www.bernhard-fiedler.at\/weblog\/?p=2611"},"modified":"2010-04-03T21:03:56","modified_gmt":"2010-04-03T20:03:56","slug":"auf-ins-zweite-jahr","status":"publish","type":"post","link":"https:\/\/bernhard-fiedler.at\/weblog\/?p=2611","title":{"rendered":"Auf ins zweite Jahr"},"content":{"rendered":"<p style=\"text-align: center;\"><img loading=\"lazy\" decoding=\"async\" class=\"aligncenter size-full wp-image-2612\" style=\"border: 0px;\" title=\"R\u00fcckschnitt auf zwei Augen\" src=\"https:\/\/bernhard-fiedler.at\/weblog\/wp-content\/uploads\/2010\/04\/Jungrebe-geschnitten-bearbeitet.jpg\" alt=\"R\u00fcckschnitt auf zwei Augen\" width=\"508\" height=\"272\" srcset=\"https:\/\/bernhard-fiedler.at\/weblog\/wp-content\/uploads\/2010\/04\/Jungrebe-geschnitten-bearbeitet.jpg 508w, https:\/\/bernhard-fiedler.at\/weblog\/wp-content\/uploads\/2010\/04\/Jungrebe-geschnitten-bearbeitet-300x160.jpg 300w\" sizes=\"auto, (max-width: 508px) 100vw, 508px\" \/><\/p>\n<p>In den allermeisten F\u00e4llen sind einj\u00e4hrige Reben noch nicht kr\u00e4ftig genug, um einen Stamm zu formieren oder gar Trauben zu ernten. Deshalb werden sie auf zwei gut sichtbare Augen (Knospen) zur\u00fcckgeschnitten, aus denen heuer kr\u00e4ftige, lange Triebe wachsen sollten.<\/p>\n<p>Als Schutz vor Wildverbi\u00df, aber auch, um mit dem ersten Binden der Reben l\u00e4nger zuwarten zu k\u00f6nnen, haben wir diese St\u00f6cke nach dem Schnitt mit einem Schutzgitter versehen (das anders als auf dem Foto nat\u00fcrlich rund um die Rebe positioniert wird).<\/p>\n<p><!--more--><\/p>\n<p>Wie vergangenen Oktober <a href=\"https:\/\/bernhard-fiedler.at\/weblog\/?p=1828#more-1828\">berichtet<\/a>, sind in unserer Junganlage am Goldberg vor allem\u00a0die Chardonnay-Reben schon im ersten Jahr so au\u00dfergew\u00f6hnlich kr\u00e4ftig gewachsen, dass wir bei vielen bereits einen Stamm nach oben binden konnten.<\/p>\n<p>Um die Pflanzen nicht zu \u00fcberlasten, werden wir die wenigen Trauben, die diese St\u00f6cke\u00a0heuer\u00a0tragen wahrscheinlich bereits vor der Bl\u00fcte entfernen (wenn sich 2010 nicht gerade als ein Jahr mit au\u00dfergew\u00f6nlichem Wachstum und bester Wasserversorgung\u00a0entpuppt).<\/p>\n<p>Das vorzeitige Aufbinden dient n\u00e4mlich nicht prim\u00e4r dem Ertrag, sondern dem m\u00f6glichst raschen \u00dcberwinden der bodennahen Gefahrenzone f\u00fcr Wildverbi\u00df und Pilzkrankheiten.<\/p>\n<p style=\"text-align: center;\"><img loading=\"lazy\" decoding=\"async\" class=\"aligncenter size-full wp-image-2614\" style=\"border: 0px;\" title=\"Einj\u00e4hrige Rebe mit angeschnittenem Stamm\" src=\"https:\/\/bernhard-fiedler.at\/weblog\/wp-content\/uploads\/2010\/04\/Jungrebe-geschnitten-2-bearbeitet.jpg\" alt=\"Einj\u00e4hrige Rebe mit angeschnittenem Stamm\" width=\"508\" height=\"338\" srcset=\"https:\/\/bernhard-fiedler.at\/weblog\/wp-content\/uploads\/2010\/04\/Jungrebe-geschnitten-2-bearbeitet.jpg 508w, https:\/\/bernhard-fiedler.at\/weblog\/wp-content\/uploads\/2010\/04\/Jungrebe-geschnitten-2-bearbeitet-300x199.jpg 300w\" sizes=\"auto, (max-width: 508px) 100vw, 508px\" \/><\/p>\n","protected":false},"excerpt":{"rendered":"<p>In den allermeisten F\u00e4llen sind einj\u00e4hrige Reben noch nicht kr\u00e4ftig genug, um einen Stamm zu formieren oder gar Trauben zu ernten. Deshalb werden sie auf zwei gut sichtbare Augen (Knospen) zur\u00fcckgeschnitten, aus denen heuer kr\u00e4ftige, lange Triebe wachsen sollten. Als Schutz vor Wildverbi\u00df, aber auch, um mit dem ersten Binden der Reben l\u00e4nger zuwarten zu &#8230; <a title=\"Auf ins zweite Jahr\" class=\"read-more\" href=\"https:\/\/bernhard-fiedler.at\/weblog\/?p=2611\" aria-label=\"Mehr Informationen \u00fcber Auf ins zweite Jahr\">Weiterlesen<\/a><\/p>\n","protected":false},"author":2,"featured_media":0,"comment_status":"open","ping_status":"open","sticky":false,"template":"","format":"standard","meta":{"footnotes":""},"categories":[22],"tags":[],"class_list":["post-2611","post","type-post","status-publish","format-standard","hentry","category-ein-weingarten-entsteht"],"_links":{"self":[{"href":"https:\/\/bernhard-fiedler.at\/weblog\/index.php?rest_route=\/wp\/v2\/posts\/2611","targetHints":{"allow":["GET"]}}],"collection":[{"href":"https:\/\/bernhard-fiedler.at\/weblog\/index.php?rest_route=\/wp\/v2\/posts"}],"about":[{"href":"https:\/\/bernhard-fiedler.at\/weblog\/index.php?rest_route=\/wp\/v2\/types\/post"}],"author":[{"embeddable":true,"href":"https:\/\/bernhard-fiedler.at\/weblog\/index.php?rest_route=\/wp\/v2\/users\/2"}],"replies":[{"embeddable":true,"href":"https:\/\/bernhard-fiedler.at\/weblog\/index.php?rest_route=%2Fwp%2Fv2%2Fcomments&post=2611"}],"version-history":[{"count":3,"href":"https:\/\/bernhard-fiedler.at\/weblog\/index.php?rest_route=\/wp\/v2\/posts\/2611\/revisions"}],"predecessor-version":[{"id":2616,"href":"https:\/\/bernhard-fiedler.at\/weblog\/index.php?rest_route=\/wp\/v2\/posts\/2611\/revisions\/2616"}],"wp:attachment":[{"href":"https:\/\/bernhard-fiedler.at\/weblog\/index.php?rest_route=%2Fwp%2Fv2%2Fmedia&parent=2611"}],"wp:term":[{"taxonomy":"category","embeddable":true,"href":"https:\/\/bernhard-fiedler.at\/weblog\/index.php?rest_route=%2Fwp%2Fv2%2Fcategories&post=2611"},{"taxonomy":"post_tag","embeddable":true,"href":"https:\/\/bernhard-fiedler.at\/weblog\/index.php?rest_route=%2Fwp%2Fv2%2Ftags&post=2611"}],"curies":[{"name":"wp","href":"https:\/\/api.w.org\/{rel}","templated":true}]}}