{"id":2596,"date":"2010-03-29T11:08:23","date_gmt":"2010-03-29T10:08:23","guid":{"rendered":"http:\/\/www.bernhard-fiedler.at\/weblog\/?p=2596"},"modified":"2010-03-29T11:08:23","modified_gmt":"2010-03-29T10:08:23","slug":"wieder-ans-tageslicht","status":"publish","type":"post","link":"https:\/\/bernhard-fiedler.at\/weblog\/?p=2596","title":{"rendered":"Wieder ans Tageslicht"},"content":{"rendered":"<p style=\"text-align: center;\"><img loading=\"lazy\" decoding=\"async\" class=\"aligncenter size-full wp-image-2597\" style=\"border: 0px;\" title=\"Jungrebe vor dem Schnitt\" src=\"https:\/\/bernhard-fiedler.at\/weblog\/wp-content\/uploads\/2010\/03\/Jungrebe-vor-dem-Schnitt-bearbeitet.jpg\" alt=\"Jungrebe vor dem Schnitt\" width=\"508\" height=\"278\" srcset=\"https:\/\/bernhard-fiedler.at\/weblog\/wp-content\/uploads\/2010\/03\/Jungrebe-vor-dem-Schnitt-bearbeitet.jpg 508w, https:\/\/bernhard-fiedler.at\/weblog\/wp-content\/uploads\/2010\/03\/Jungrebe-vor-dem-Schnitt-bearbeitet-300x164.jpg 300w\" sizes=\"auto, (max-width: 508px) 100vw, 508px\" \/><\/p>\n<p>Wie <a href=\"https:\/\/bernhard-fiedler.at\/weblog\/?p=2064\">hier<\/a> berichtet, haben wir den unteren Teil unserer Jungreben am Goldberg im Herbst mit Erde bedeckt, um sie vor Frostsch\u00e4den zu bewahren und Unkrautbewuchs vorzubeugen.<\/p>\n<p>Nachdem der Saftstrom der Reben aber langsam in Schwung kommt, und auch die jungen St\u00f6cke geschnitten werden m\u00fcssen, war es vergangene Woche h\u00f6chste Zeit, sie wieder ans Tageslicht zu holen.<\/p>\n","protected":false},"excerpt":{"rendered":"<p>Wie hier berichtet, haben wir den unteren Teil unserer Jungreben am Goldberg im Herbst mit Erde bedeckt, um sie vor Frostsch\u00e4den zu bewahren und Unkrautbewuchs vorzubeugen. Nachdem der Saftstrom der Reben aber langsam in Schwung kommt, und auch die jungen St\u00f6cke geschnitten werden m\u00fcssen, war es vergangene Woche h\u00f6chste Zeit, sie wieder ans Tageslicht zu &#8230; <a title=\"Wieder ans Tageslicht\" class=\"read-more\" href=\"https:\/\/bernhard-fiedler.at\/weblog\/?p=2596\" aria-label=\"Mehr Informationen \u00fcber Wieder ans Tageslicht\">Weiterlesen<\/a><\/p>\n","protected":false},"author":2,"featured_media":0,"comment_status":"open","ping_status":"open","sticky":false,"template":"","format":"standard","meta":{"footnotes":""},"categories":[22],"tags":[],"class_list":["post-2596","post","type-post","status-publish","format-standard","hentry","category-ein-weingarten-entsteht"],"_links":{"self":[{"href":"https:\/\/bernhard-fiedler.at\/weblog\/index.php?rest_route=\/wp\/v2\/posts\/2596","targetHints":{"allow":["GET"]}}],"collection":[{"href":"https:\/\/bernhard-fiedler.at\/weblog\/index.php?rest_route=\/wp\/v2\/posts"}],"about":[{"href":"https:\/\/bernhard-fiedler.at\/weblog\/index.php?rest_route=\/wp\/v2\/types\/post"}],"author":[{"embeddable":true,"href":"https:\/\/bernhard-fiedler.at\/weblog\/index.php?rest_route=\/wp\/v2\/users\/2"}],"replies":[{"embeddable":true,"href":"https:\/\/bernhard-fiedler.at\/weblog\/index.php?rest_route=%2Fwp%2Fv2%2Fcomments&post=2596"}],"version-history":[{"count":2,"href":"https:\/\/bernhard-fiedler.at\/weblog\/index.php?rest_route=\/wp\/v2\/posts\/2596\/revisions"}],"predecessor-version":[{"id":2599,"href":"https:\/\/bernhard-fiedler.at\/weblog\/index.php?rest_route=\/wp\/v2\/posts\/2596\/revisions\/2599"}],"wp:attachment":[{"href":"https:\/\/bernhard-fiedler.at\/weblog\/index.php?rest_route=%2Fwp%2Fv2%2Fmedia&parent=2596"}],"wp:term":[{"taxonomy":"category","embeddable":true,"href":"https:\/\/bernhard-fiedler.at\/weblog\/index.php?rest_route=%2Fwp%2Fv2%2Fcategories&post=2596"},{"taxonomy":"post_tag","embeddable":true,"href":"https:\/\/bernhard-fiedler.at\/weblog\/index.php?rest_route=%2Fwp%2Fv2%2Ftags&post=2596"}],"curies":[{"name":"wp","href":"https:\/\/api.w.org\/{rel}","templated":true}]}}