{"id":2593,"date":"2010-03-27T17:26:24","date_gmt":"2010-03-27T16:26:24","guid":{"rendered":"http:\/\/www.bernhard-fiedler.at\/weblog\/?p=2593"},"modified":"2010-03-27T17:26:24","modified_gmt":"2010-03-27T16:26:24","slug":"fruhlingsbeginn","status":"publish","type":"post","link":"https:\/\/bernhard-fiedler.at\/weblog\/?p=2593","title":{"rendered":"Fr\u00fchlingsbeginn"},"content":{"rendered":"<p style=\"text-align: center;\"><img decoding=\"async\" class=\"aligncenter\" style=\"border: 0px;\" src=\"https:\/\/bernhard-fiedler.at\/weblog\/wp-content\/uploads\/2007\/02\/bild007.jpg\" alt=\"Mandelbl\u00fcte am 12. Februar 2007\" \/><\/p>\n<p>Nach einem langen Winter kehrt mit den \u00fcberdurchschnittlichen Temperaturen der vergangenen Woche endlich Fr\u00fchlingsstimmung ein. Die ersten Mandelbl\u00fcten haben sich bereits ge\u00f6ffnet, ein paar Tage sp\u00e4ter als im <a href=\"https:\/\/bernhard-fiedler.at\/weblog\/?p=1172\">Vorjahr<\/a>, genau einen Monat sp\u00e4ter als <a href=\"https:\/\/bernhard-fiedler.at\/weblog\/?p=467\">2008<\/a>\u00a0und fast sechs Wochen sp\u00e4ter als <a href=\"https:\/\/bernhard-fiedler.at\/weblog\/?p=169\">2007<\/a>.<\/p>\n<p>Solche Vergleiche sind zwar interessant, wie wenig man daraus aber f\u00fcr den kommenden Jahrgang schlie\u00dfen kann, zeigt das Jahr 2009. Trotz verz\u00f6gertem Vegetationsbeginn konnte ich damals zwei Monate sp\u00e4ter \u00fcber eine \u00e4u\u00dferst fr\u00fche Rebbl\u00fcte <a href=\"https:\/\/bernhard-fiedler.at\/weblog\/?p=1359\">berichten<\/a>.<\/p>\n","protected":false},"excerpt":{"rendered":"<p>Nach einem langen Winter kehrt mit den \u00fcberdurchschnittlichen Temperaturen der vergangenen Woche endlich Fr\u00fchlingsstimmung ein. Die ersten Mandelbl\u00fcten haben sich bereits ge\u00f6ffnet, ein paar Tage sp\u00e4ter als im Vorjahr, genau einen Monat sp\u00e4ter als 2008\u00a0und fast sechs Wochen sp\u00e4ter als 2007. Solche Vergleiche sind zwar interessant, wie wenig man daraus aber f\u00fcr den kommenden Jahrgang &#8230; <a title=\"Fr\u00fchlingsbeginn\" class=\"read-more\" href=\"https:\/\/bernhard-fiedler.at\/weblog\/?p=2593\" aria-label=\"Mehr Informationen \u00fcber Fr\u00fchlingsbeginn\">Weiterlesen<\/a><\/p>\n","protected":false},"author":2,"featured_media":0,"comment_status":"open","ping_status":"open","sticky":false,"template":"","format":"standard","meta":{"footnotes":""},"categories":[8],"tags":[],"class_list":["post-2593","post","type-post","status-publish","format-standard","hentry","category-das-wetter"],"_links":{"self":[{"href":"https:\/\/bernhard-fiedler.at\/weblog\/index.php?rest_route=\/wp\/v2\/posts\/2593","targetHints":{"allow":["GET"]}}],"collection":[{"href":"https:\/\/bernhard-fiedler.at\/weblog\/index.php?rest_route=\/wp\/v2\/posts"}],"about":[{"href":"https:\/\/bernhard-fiedler.at\/weblog\/index.php?rest_route=\/wp\/v2\/types\/post"}],"author":[{"embeddable":true,"href":"https:\/\/bernhard-fiedler.at\/weblog\/index.php?rest_route=\/wp\/v2\/users\/2"}],"replies":[{"embeddable":true,"href":"https:\/\/bernhard-fiedler.at\/weblog\/index.php?rest_route=%2Fwp%2Fv2%2Fcomments&post=2593"}],"version-history":[{"count":2,"href":"https:\/\/bernhard-fiedler.at\/weblog\/index.php?rest_route=\/wp\/v2\/posts\/2593\/revisions"}],"predecessor-version":[{"id":2595,"href":"https:\/\/bernhard-fiedler.at\/weblog\/index.php?rest_route=\/wp\/v2\/posts\/2593\/revisions\/2595"}],"wp:attachment":[{"href":"https:\/\/bernhard-fiedler.at\/weblog\/index.php?rest_route=%2Fwp%2Fv2%2Fmedia&parent=2593"}],"wp:term":[{"taxonomy":"category","embeddable":true,"href":"https:\/\/bernhard-fiedler.at\/weblog\/index.php?rest_route=%2Fwp%2Fv2%2Fcategories&post=2593"},{"taxonomy":"post_tag","embeddable":true,"href":"https:\/\/bernhard-fiedler.at\/weblog\/index.php?rest_route=%2Fwp%2Fv2%2Ftags&post=2593"}],"curies":[{"name":"wp","href":"https:\/\/api.w.org\/{rel}","templated":true}]}}