{"id":2504,"date":"2010-03-20T00:02:36","date_gmt":"2010-03-19T23:02:36","guid":{"rendered":"http:\/\/www.bernhard-fiedler.at\/weblog\/?p=2504"},"modified":"2010-03-20T00:02:36","modified_gmt":"2010-03-19T23:02:36","slug":"was-bisher-geschah","status":"publish","type":"post","link":"https:\/\/bernhard-fiedler.at\/weblog\/?p=2504","title":{"rendered":"Was bisher geschah"},"content":{"rendered":"<p style=\"TEXT-ALIGN: center\"><img decoding=\"async\" class=\"aligncenter size-full wp-image-2065\" style=\"border: 0px;\" title=\"Fertig f\u00fcr den Winter\" src=\"https:\/\/bernhard-fiedler.at\/weblog\/wp-content\/uploads\/2009\/12\/Goldberg-Anackern-komprimiert.jpg\" alt=\"Fertig f\u00fcr den Winter\" \/><\/p>\n<p style=\"text-align: justify;\">Wie man anhand <a href=\"https:\/\/bernhard-fiedler.at\/weblog\/?cat=22&amp;paged=3\">dieser<\/a> Beitr\u00e4ge nachvollziehen kann, war das erste Jahr unserer Junganlage am M\u00f6rbischer Goldberg einigerma\u00dfen aufregend und arbeitsreich.<\/p>\n<p style=\"text-align: justify;\">Nach der <a href=\"https:\/\/bernhard-fiedler.at\/weblog\/?p=727\">Rodung eines bestehenden Weingartens<\/a> und <a href=\"https:\/\/bernhard-fiedler.at\/weblog\/?p=777\">der sorgf\u00e4ltigen Vorbereitung des Bodens im Herbst 2008<\/a> haben wir am 23. April 2009 schlie\u00dflich<a href=\"https:\/\/bernhard-fiedler.at\/weblog\/?p=1290\"> rund 3700 Reben gepflanzt<\/a>.<\/p>\n<p style=\"text-align: justify;\">Gleich danach haben wir <a href=\"https:\/\/bernhard-fiedler.at\/weblog\/?p=1318\">das Unterst\u00fctzungssystem errichtet<\/a> und daf\u00fcr unter anderem rund 26 Kilometer Draht gespannt. Am Ende der Saison konnten wir trotz mancher Schwierigkeiten schlie\u00dflich <a href=\"https:\/\/bernhard-fiedler.at\/weblog\/?p=1828\">eine sehr positive Bilanz<\/a> ziehen.<\/p>\n<p style=\"text-align: justify;\">Seit dem <a href=\"https:\/\/bernhard-fiedler.at\/weblog\/?p=2064\">Anh\u00e4ufeln der Reben<\/a> (Foto) Anfang Dezember herrscht am Goldberg Winterruhe, aber angesichts des nahenden Fr\u00fchlings erwachen auch die jungen Reben langsam aus dem Winterschlaf&#8230;<\/p>\n","protected":false},"excerpt":{"rendered":"<p>Wie man anhand dieser Beitr\u00e4ge nachvollziehen kann, war das erste Jahr unserer Junganlage am M\u00f6rbischer Goldberg einigerma\u00dfen aufregend und arbeitsreich. Nach der Rodung eines bestehenden Weingartens und der sorgf\u00e4ltigen Vorbereitung des Bodens im Herbst 2008 haben wir am 23. April 2009 schlie\u00dflich rund 3700 Reben gepflanzt. Gleich danach haben wir das Unterst\u00fctzungssystem errichtet und daf\u00fcr &#8230; <a title=\"Was bisher geschah\" class=\"read-more\" href=\"https:\/\/bernhard-fiedler.at\/weblog\/?p=2504\" aria-label=\"Mehr Informationen \u00fcber Was bisher geschah\">Weiterlesen<\/a><\/p>\n","protected":false},"author":2,"featured_media":0,"comment_status":"open","ping_status":"open","sticky":false,"template":"","format":"standard","meta":{"footnotes":""},"categories":[22],"tags":[],"class_list":["post-2504","post","type-post","status-publish","format-standard","hentry","category-ein-weingarten-entsteht"],"_links":{"self":[{"href":"https:\/\/bernhard-fiedler.at\/weblog\/index.php?rest_route=\/wp\/v2\/posts\/2504","targetHints":{"allow":["GET"]}}],"collection":[{"href":"https:\/\/bernhard-fiedler.at\/weblog\/index.php?rest_route=\/wp\/v2\/posts"}],"about":[{"href":"https:\/\/bernhard-fiedler.at\/weblog\/index.php?rest_route=\/wp\/v2\/types\/post"}],"author":[{"embeddable":true,"href":"https:\/\/bernhard-fiedler.at\/weblog\/index.php?rest_route=\/wp\/v2\/users\/2"}],"replies":[{"embeddable":true,"href":"https:\/\/bernhard-fiedler.at\/weblog\/index.php?rest_route=%2Fwp%2Fv2%2Fcomments&post=2504"}],"version-history":[{"count":2,"href":"https:\/\/bernhard-fiedler.at\/weblog\/index.php?rest_route=\/wp\/v2\/posts\/2504\/revisions"}],"predecessor-version":[{"id":2535,"href":"https:\/\/bernhard-fiedler.at\/weblog\/index.php?rest_route=\/wp\/v2\/posts\/2504\/revisions\/2535"}],"wp:attachment":[{"href":"https:\/\/bernhard-fiedler.at\/weblog\/index.php?rest_route=%2Fwp%2Fv2%2Fmedia&parent=2504"}],"wp:term":[{"taxonomy":"category","embeddable":true,"href":"https:\/\/bernhard-fiedler.at\/weblog\/index.php?rest_route=%2Fwp%2Fv2%2Fcategories&post=2504"},{"taxonomy":"post_tag","embeddable":true,"href":"https:\/\/bernhard-fiedler.at\/weblog\/index.php?rest_route=%2Fwp%2Fv2%2Ftags&post=2504"}],"curies":[{"name":"wp","href":"https:\/\/api.w.org\/{rel}","templated":true}]}}