{"id":2495,"date":"2010-03-15T09:10:36","date_gmt":"2010-03-15T08:10:36","guid":{"rendered":"http:\/\/www.bernhard-fiedler.at\/weblog\/?p=2495"},"modified":"2010-03-15T09:10:36","modified_gmt":"2010-03-15T08:10:36","slug":"big-business-weinrallye-31","status":"publish","type":"post","link":"https:\/\/bernhard-fiedler.at\/weblog\/?p=2495","title":{"rendered":"Big Business (Weinrallye #31)"},"content":{"rendered":"<p style=\"text-align: center;\"><img loading=\"lazy\" decoding=\"async\" class=\"aligncenter size-full wp-image-2498\" style=\"border: 0px;\" title=\"Prowein 2008\" src=\"https:\/\/bernhard-fiedler.at\/weblog\/wp-content\/uploads\/2010\/03\/Prowein7.jpg\" alt=\"Prowein 2008\" width=\"508\" height=\"241\" srcset=\"https:\/\/bernhard-fiedler.at\/weblog\/wp-content\/uploads\/2010\/03\/Prowein7.jpg 508w, https:\/\/bernhard-fiedler.at\/weblog\/wp-content\/uploads\/2010\/03\/Prowein7-300x142.jpg 300w\" sizes=\"auto, (max-width: 508px) 100vw, 508px\" \/><\/p>\n<p>Trotz aller Trends zu Regionalit\u00e4t und Terroir ist auch der Wein l\u00e4ngst Teil der globalisierten Wirtschaft.\u00a0Ein Blick hinter die Kulissen des gro\u00dfen Wein-Business kann dabei durchaus faszinieren.<\/p>\n<p>Und vielleicht sogar Stoff f\u00fcr einen Beitrag zur <a href=\"https:\/\/bernhard-fiedler.at\/weblog\/?p=2391\">31. Etappe der Weinrallye<\/a> am 23. M\u00e4rz bieten.<\/p>\n","protected":false},"excerpt":{"rendered":"<p>Trotz aller Trends zu Regionalit\u00e4t und Terroir ist auch der Wein l\u00e4ngst Teil der globalisierten Wirtschaft.\u00a0Ein Blick hinter die Kulissen des gro\u00dfen Wein-Business kann dabei durchaus faszinieren. Und vielleicht sogar Stoff f\u00fcr einen Beitrag zur 31. Etappe der Weinrallye am 23. M\u00e4rz bieten.<\/p>\n","protected":false},"author":2,"featured_media":0,"comment_status":"open","ping_status":"open","sticky":false,"template":"","format":"standard","meta":{"footnotes":""},"categories":[18],"tags":[],"class_list":["post-2495","post","type-post","status-publish","format-standard","hentry","category-weinrallye"],"_links":{"self":[{"href":"https:\/\/bernhard-fiedler.at\/weblog\/index.php?rest_route=\/wp\/v2\/posts\/2495","targetHints":{"allow":["GET"]}}],"collection":[{"href":"https:\/\/bernhard-fiedler.at\/weblog\/index.php?rest_route=\/wp\/v2\/posts"}],"about":[{"href":"https:\/\/bernhard-fiedler.at\/weblog\/index.php?rest_route=\/wp\/v2\/types\/post"}],"author":[{"embeddable":true,"href":"https:\/\/bernhard-fiedler.at\/weblog\/index.php?rest_route=\/wp\/v2\/users\/2"}],"replies":[{"embeddable":true,"href":"https:\/\/bernhard-fiedler.at\/weblog\/index.php?rest_route=%2Fwp%2Fv2%2Fcomments&post=2495"}],"version-history":[{"count":6,"href":"https:\/\/bernhard-fiedler.at\/weblog\/index.php?rest_route=\/wp\/v2\/posts\/2495\/revisions"}],"predecessor-version":[{"id":2513,"href":"https:\/\/bernhard-fiedler.at\/weblog\/index.php?rest_route=\/wp\/v2\/posts\/2495\/revisions\/2513"}],"wp:attachment":[{"href":"https:\/\/bernhard-fiedler.at\/weblog\/index.php?rest_route=%2Fwp%2Fv2%2Fmedia&parent=2495"}],"wp:term":[{"taxonomy":"category","embeddable":true,"href":"https:\/\/bernhard-fiedler.at\/weblog\/index.php?rest_route=%2Fwp%2Fv2%2Fcategories&post=2495"},{"taxonomy":"post_tag","embeddable":true,"href":"https:\/\/bernhard-fiedler.at\/weblog\/index.php?rest_route=%2Fwp%2Fv2%2Ftags&post=2495"}],"curies":[{"name":"wp","href":"https:\/\/api.w.org\/{rel}","templated":true}]}}