{"id":2385,"date":"2010-02-22T22:58:40","date_gmt":"2010-02-22T21:58:40","guid":{"rendered":"http:\/\/www.bernhard-fiedler.at\/weblog\/?p=2385"},"modified":"2010-02-22T22:58:40","modified_gmt":"2010-02-22T21:58:40","slug":"aus-dem-archiv-der-rebschnitt","status":"publish","type":"post","link":"https:\/\/bernhard-fiedler.at\/weblog\/?p=2385","title":{"rendered":"Aus dem Archiv: Der Rebschnitt"},"content":{"rendered":"<p style=\"text-align: justify;\"><img loading=\"lazy\" decoding=\"async\" class=\"size-full wp-image-2387 alignnone\" style=\"border: 0px;\" title=\"Vor dem Schnitt\" src=\"https:\/\/bernhard-fiedler.at\/weblog\/wp-content\/uploads\/2010\/02\/Birnheide-im-Winter-bearbeitet-2-k.jpg\" alt=\"Birnheide im Winter bearbeitet 2 k\" width=\"508\" height=\"258\" srcset=\"https:\/\/bernhard-fiedler.at\/weblog\/wp-content\/uploads\/2010\/02\/Birnheide-im-Winter-bearbeitet-2-k.jpg 508w, https:\/\/bernhard-fiedler.at\/weblog\/wp-content\/uploads\/2010\/02\/Birnheide-im-Winter-bearbeitet-2-k-300x152.jpg 300w\" sizes=\"auto, (max-width: 508px) 100vw, 508px\" \/><\/p>\n<p style=\"text-align: justify;\">Aus <span style=\"text-decoration: line-through;\">Zeitgr\u00fcnden<\/span>, <span style=\"text-decoration: line-through;\">Ideenmangel<\/span>, aktuellem Anla\u00df m\u00f6chte ich heute auf meine Beitragsserie zum Thema Rebschnitt aus dem Jahr 2008 verweisen:<\/p>\n<p><a href=\"https:\/\/bernhard-fiedler.at\/weblog\/?p=461\">Teil 1<\/a> &#8211; Allgemeine \u00dcbersicht und Links<\/p>\n<p><a href=\"https:\/\/bernhard-fiedler.at\/weblog\/?p=466\">Teil 2<\/a> &#8211;\u00a0Rebschnitt, warum?<\/p>\n<p><a href=\"https:\/\/bernhard-fiedler.at\/weblog\/?p=469\">Teil 3<\/a> &#8211; Erziehung und Schnitt<\/p>\n<p><a href=\"https:\/\/bernhard-fiedler.at\/weblog\/?p=480\">Teil 4<\/a> &#8211; Der Bogenschnitt (Guyot)<\/p>\n<p><a href=\"https:\/\/bernhard-fiedler.at\/weblog\/?p=525#more-525\">Teil 5<\/a> &#8211; Kordonschnitt<\/p>\n<p><a href=\"https:\/\/bernhard-fiedler.at\/weblog\/?p=528\">Teil 6<\/a> &#8211; Wann und wie?<\/p>\n<p><a href=\"https:\/\/bernhard-fiedler.at\/weblog\/?p=550\">Teil 7<\/a> &#8211; Minimal Pruning<\/p>\n","protected":false},"excerpt":{"rendered":"<p>Aus Zeitgr\u00fcnden, Ideenmangel, aktuellem Anla\u00df m\u00f6chte ich heute auf meine Beitragsserie zum Thema Rebschnitt aus dem Jahr 2008 verweisen: Teil 1 &#8211; Allgemeine \u00dcbersicht und Links Teil 2 &#8211;\u00a0Rebschnitt, warum? Teil 3 &#8211; Erziehung und Schnitt Teil 4 &#8211; Der Bogenschnitt (Guyot) Teil 5 &#8211; Kordonschnitt Teil 6 &#8211; Wann und wie? Teil 7 &#8211; &#8230; <a title=\"Aus dem Archiv: Der Rebschnitt\" class=\"read-more\" href=\"https:\/\/bernhard-fiedler.at\/weblog\/?p=2385\" aria-label=\"Mehr Informationen \u00fcber Aus dem Archiv: Der Rebschnitt\">Weiterlesen<\/a><\/p>\n","protected":false},"author":2,"featured_media":0,"comment_status":"open","ping_status":"open","sticky":false,"template":"","format":"standard","meta":{"footnotes":""},"categories":[1],"tags":[],"class_list":["post-2385","post","type-post","status-publish","format-standard","hentry","category-allgemein"],"_links":{"self":[{"href":"https:\/\/bernhard-fiedler.at\/weblog\/index.php?rest_route=\/wp\/v2\/posts\/2385","targetHints":{"allow":["GET"]}}],"collection":[{"href":"https:\/\/bernhard-fiedler.at\/weblog\/index.php?rest_route=\/wp\/v2\/posts"}],"about":[{"href":"https:\/\/bernhard-fiedler.at\/weblog\/index.php?rest_route=\/wp\/v2\/types\/post"}],"author":[{"embeddable":true,"href":"https:\/\/bernhard-fiedler.at\/weblog\/index.php?rest_route=\/wp\/v2\/users\/2"}],"replies":[{"embeddable":true,"href":"https:\/\/bernhard-fiedler.at\/weblog\/index.php?rest_route=%2Fwp%2Fv2%2Fcomments&post=2385"}],"version-history":[{"count":4,"href":"https:\/\/bernhard-fiedler.at\/weblog\/index.php?rest_route=\/wp\/v2\/posts\/2385\/revisions"}],"predecessor-version":[{"id":2390,"href":"https:\/\/bernhard-fiedler.at\/weblog\/index.php?rest_route=\/wp\/v2\/posts\/2385\/revisions\/2390"}],"wp:attachment":[{"href":"https:\/\/bernhard-fiedler.at\/weblog\/index.php?rest_route=%2Fwp%2Fv2%2Fmedia&parent=2385"}],"wp:term":[{"taxonomy":"category","embeddable":true,"href":"https:\/\/bernhard-fiedler.at\/weblog\/index.php?rest_route=%2Fwp%2Fv2%2Fcategories&post=2385"},{"taxonomy":"post_tag","embeddable":true,"href":"https:\/\/bernhard-fiedler.at\/weblog\/index.php?rest_route=%2Fwp%2Fv2%2Ftags&post=2385"}],"curies":[{"name":"wp","href":"https:\/\/api.w.org\/{rel}","templated":true}]}}