{"id":2185,"date":"2009-12-31T01:16:47","date_gmt":"2009-12-31T00:16:47","guid":{"rendered":"http:\/\/www.bernhard-fiedler.at\/weblog\/?p=2185"},"modified":"2009-12-31T01:29:13","modified_gmt":"2009-12-31T00:29:13","slug":"das-war-mein-blog-jahr-2009","status":"publish","type":"post","link":"https:\/\/bernhard-fiedler.at\/weblog\/?p=2185","title":{"rendered":"Das war mein Blog-Jahr 2009"},"content":{"rendered":"<p>Wie ich beim Verfassen <a href=\"https:\/\/bernhard-fiedler.at\/weblog\/?p=818\">dieses R\u00fcckblicks im Vorjahr<\/a> festgestellt habe, hat das Durchforsten meiner alten Beitr\u00e4ge auch f\u00fcr mich einen gewissen Reiz. Grund genug, die gem\u00fctlichen Tage zwischen Weihnachten und Neujahr f\u00fcr eine Art &#8222;Best of&#8220; zu n\u00fctzen, anstatt die grauen Zellen f\u00fcr neue Beitr\u00e4ge zu strapazieren.<\/p>\n<p>W\u00e4hrend im Moment kein Ende des Weihnachtstauwetters abzusehen ist, war der Jahreswechsel von 2008 auf 2009 kalt genug f\u00fcr eine massive Eisdecke auf dem Neusiedlersee. Wenn das Wetter mitspielt, ist das <a href=\"https:\/\/bernhard-fiedler.at\/weblog\/?p=848\">die sch\u00f6nste Seite des pannonisches Winters<\/a>. Trotz dieses Anfangs wird uns der <a href=\"https:\/\/bernhard-fiedler.at\/weblog\/?m=200901&amp;paged=2\"><strong>J\u00e4nner<\/strong><\/a> leider in trauriger Erinnerung bleiben. Am 13. ist n\u00e4mlich meine Oma, eine <a href=\"https:\/\/bernhard-fiedler.at\/weblog\/?p=935\">Weinb\u00e4uerin mit Leib und Seele<\/a> gestorben.<\/p>\n<p>Vielleicht ein klein wenig vom Nachdenken \u00fcber die vergangenen Zeiten inspiriert habe ich am letzten Tag des Monats die Kategorie &#8222;<a href=\"https:\/\/bernhard-fiedler.at\/weblog\/?cat=24\">Denkw\u00fcrdige Jahrg\u00e4nge<\/a>&#8220; eingerichtet, in der ich seither von Zeit zu Zeit \u00fcber besondere Weinjahre berichte.<\/p>\n<p>Da unser Schiurlaub wie immer in den ohnehin schon kurzen <a href=\"https:\/\/bernhard-fiedler.at\/weblog\/?m=200902\"><strong>Februar<\/strong><\/a> fiel, gab es in diesem Monat nur wenige Beitr\u00e4ge. &#8222;<a href=\"https:\/\/bernhard-fiedler.at\/weblog\/?s=Blindverkoster+sind+auch+nur+Menschen\">Blindverkoster sind auch nur Menschen<\/a>&#8222;, die neu begonnene Serie \u00fcber lustige Verkostungserlebnisse macht gleich drei davon aus. Ernster gemeint war hingegen die ebenfalls im Februar gestartete Serie &#8222;<a href=\"https:\/\/bernhard-fiedler.at\/weblog\/?s=Weinmarktordnung+die+zweite\">Weinmarktordnung, die Zweite<\/a>&#8222;.<\/p>\n<p><!--more--><\/p>\n<p>Der <a href=\"https:\/\/bernhard-fiedler.at\/weblog\/?m=200903&amp;paged=2\"><strong>M\u00e4rz<\/strong><\/a> war arbeitsreich wie immer, und ich mu\u00dfte im Blog feststellen: &#8222;<a href=\"https:\/\/bernhard-fiedler.at\/weblog\/?p=1121\">Wenn\u00b4s kommt, dann kommt\u00b4s dick<\/a>&#8222;. Trotzdem schaffte ich immerhin <a href=\"https:\/\/bernhard-fiedler.at\/weblog\/?p=1151\">Teil 12<\/a> der Serie &#8222;<a href=\"https:\/\/bernhard-fiedler.at\/weblog\/?cat=20\">Der gl\u00e4serne Wein<\/a>&#8220; \u00fcber Eichenholzaromen und -chips und <a href=\"https:\/\/bernhard-fiedler.at\/weblog\/?p=1180\">Teil 13<\/a> \u00fcber Kieselgur und Zellulose. Am Ende des Monats folgte dann noch die erste (und bislang einzige) Video-Verlinkung zum Thema &#8222;<a href=\"https:\/\/bernhard-fiedler.at\/weblog\/?p=1185\">The Wine\u00a0Media\u00b4s Influence on Winemaking<\/a>&#8222;. Ich halte das Video \u00fcbrigens immer noch f\u00fcr absolut sehenswert.<\/p>\n<p>Im <a href=\"https:\/\/bernhard-fiedler.at\/weblog\/?m=200904&amp;paged=2\"><strong>April<\/strong><\/a> wurde es ernst mit unserer Junganlage am Goldberg. Mit Beitr\u00e4gen \u00fcber den &#8222;<a href=\"https:\/\/bernhard-fiedler.at\/weblog\/?p=1212\">Feinschliff<\/a>&#8220; der Bodenvorbereitung, &#8222;<a href=\"https:\/\/bernhard-fiedler.at\/weblog\/?p=1267\">Angewandte Geometrie f\u00fcr Fortgeschrittene<\/a>&#8222;, &#8222;<a href=\"https:\/\/bernhard-fiedler.at\/weblog\/?p=1277\">High-Tech f\u00fcr exakte Reben<\/a>&#8222;, Reben &#8222;<a href=\"https:\/\/bernhard-fiedler.at\/weblog\/?p=1284\">in den Startl\u00f6chern<\/a>&#8220; die zwei Tage sp\u00e4ter <a href=\"https:\/\/bernhard-fiedler.at\/weblog\/?p=1290\">schon wachsen<\/a>\u00a0und der Erstellung des Unterst\u00fctzungsger\u00fcstes <a href=\"https:\/\/bernhard-fiedler.at\/weblog\/?p=1304\">Schlag auf Schlag<\/a>\u00a0fand die Reihe &#8222;<a href=\"https:\/\/bernhard-fiedler.at\/weblog\/?cat=22\">Ein Weingarten entsteht<\/a>&#8220; nach der Winterpause endlich eine Fortsetzung.<\/p>\n<p>Au\u00dferdem konnte ich am Ende des Monats von <a href=\"https:\/\/bernhard-fiedler.at\/weblog\/?p=1307\">einem guten Anfang<\/a> des Weinjahres 2009 berichten und stellvertretend f\u00fcr alle <a href=\"https:\/\/bernhard-fiedler.at\/weblog\/?cat=18\">meine Weinrallye-Beitr\u00e4ge<\/a> in diesem Jahr m\u00f6chte ich auf <a href=\"https:\/\/bernhard-fiedler.at\/weblog\/?p=1240\">meinen Blaufr\u00e4nkisch-Beitrag<\/a> zum April-Thema &#8222;Regionale Spezialit\u00e4ten&#8220; hinweisen.<\/p>\n<p>Der <a href=\"https:\/\/bernhard-fiedler.at\/weblog\/?m=200905&amp;paged=2\"><strong>Mai<\/strong><\/a> brachte wieder einmal den Versuch einer Buchkritik, diesmal \u00fcber Paul Tordays &#8222;<a href=\"https:\/\/bernhard-fiedler.at\/weblog\/?p=1324\">Bordeaux<\/a>&#8222;. Besonders fr\u00fch konnte ich heuer in Anlehnung an ein Lied aus &#8222;My fair Lady&#8220; unter &#8222;<a href=\"https:\/\/bernhard-fiedler.at\/weblog\/?p=1359\">Es bl\u00fcht so gr\u00fcn wenn M\u00f6rbischs Reben bl\u00fchen<\/a>&#8220; auch vom Beginn der Rebbl\u00fcte berichten. Und angesichts des Rebendiebstahls in unserer Junganlage stellte sich mir die Frage: &#8222;<a href=\"https:\/\/bernhard-fiedler.at\/weblog\/?p=1365\">Wer macht den sowas?<\/a>&#8222;.<\/p>\n<p>Nachdem ich das Thema herkunftsbetonte Weinbezeichnung (vulgo DAC in \u00d6sterreich) lange vor mir hergeschoben hatte, wagte ich mich im <a href=\"https:\/\/bernhard-fiedler.at\/weblog\/?m=200906&amp;paged=2\"><strong>Juni<\/strong><\/a> endlich auch an diese <a href=\"https:\/\/bernhard-fiedler.at\/weblog\/?p=1013\">unendliche Geschichte<\/a>. Davon abgesehen stand das <a href=\"https:\/\/bernhard-fiedler.at\/weblog\/?p=1474\">Adriatief<\/a> und seine Folgen im Blog-Mittelpunkt: &#8222;<a href=\"https:\/\/bernhard-fiedler.at\/weblog\/?p=1476\">Noch immer und schon wieder nass<\/a>&#8222;. Beim dringend notwendigen Pflanzenschutz hatte mein Vater unseren Traktor <a href=\"https:\/\/bernhard-fiedler.at\/weblog\/?p=1483\">versenkt<\/a>.<\/p>\n<p>Anfang <a href=\"https:\/\/bernhard-fiedler.at\/weblog\/?m=200907&amp;paged=2\"><strong>Juli<\/strong><\/a>\u00a0waren &#8222;<a href=\"https:\/\/bernhard-fiedler.at\/weblog\/?p=1523\">Wetter und Nerven etwas beruhigt<\/a>&#8220; und der Beginn der Umf\u00e4rbung beim Zweigelt gleich nach unseren <a href=\"https:\/\/bernhard-fiedler.at\/weblog\/?p=1542\">Sommerferien<\/a> war trotz des k\u00fchlen Juni <a href=\"https:\/\/bernhard-fiedler.at\/weblog\/?p=1553\">immer noch fr\u00fch<\/a>. Ende des Monats sorgten <a href=\"https:\/\/bernhard-fiedler.at\/weblog\/?p=1604\">beste Bedingungen<\/a> f\u00fcr die Entwicklung unserer Trauben dann auch im Blog f\u00fcr gute Stimmung.<\/p>\n<p>Nach dem Erlass einer DAC-Verordnung f\u00fcr unser Weinbaugebiet im Juli fand meine unendliche Geschichte \u00fcber die herkunftsbetonte Weinbezeichnung im <a href=\"https:\/\/bernhard-fiedler.at\/weblog\/?m=200908&amp;paged=2\"><strong>August<\/strong><\/a> ihren Abschlu\u00df und mit der <a href=\"https:\/\/bernhard-fiedler.at\/weblog\/?s=Leithaberg+DAC\">Serie<\/a> \u00fcber <a href=\"https:\/\/bernhard-fiedler.at\/weblog\/?p=1684\">Leithaberg DAC<\/a> eine logische Fortsetzung. In Sachen Weinlese konnte ich Mitte\u00a0August feststellen: &#8222;<a href=\"https:\/\/bernhard-fiedler.at\/weblog\/?p=1649\">Langsam wirds spannend<\/a>&#8222;, und bald darauf: &#8222;<a href=\"https:\/\/bernhard-fiedler.at\/weblog\/?p=1677\">Die Lese naht in Riesenschritten<\/a>&#8222;.<\/p>\n<p>Am 1. <a href=\"https:\/\/bernhard-fiedler.at\/weblog\/?m=200909&amp;paged=3\"><strong>September<\/strong><\/a> war es dann soweit: &#8222;<a href=\"https:\/\/bernhard-fiedler.at\/weblog\/?p=1677\">Die Weinlese hat begonnen!<\/a> &#8220; und zwei Tage sp\u00e4ter <a href=\"https:\/\/bernhard-fiedler.at\/weblog\/?p=1687\">feierte ich ganz unspektakul\u00e4r den dritten Blog-Geburtstag<\/a>.\u00a0Die Trauben waren <a href=\"https:\/\/bernhard-fiedler.at\/weblog\/?p=1727\">wie gezeichnet<\/a>, aber die verschiedenen Sorten so unterschiedlich weit in der Reifeentwicklung wie selten. Deshalb galt es <a href=\"https:\/\/bernhard-fiedler.at\/weblog\/?p=1706\">nur nicht ungeduldig zu werden<\/a>. Zum Gl\u00fcck spielte das Wetter mit, und in den zahlreichen Lesepausen blieb viel Zeit f\u00fcr Blog-Beitr\u00e4ge in der Kategorie &#8222;<a href=\"https:\/\/bernhard-fiedler.at\/weblog\/?cat=25&amp;paged=3\">Lese 2009<\/a>&#8222;.<\/p>\n<p>Trotz der langgezogenen Ernte konnte ich bereits Anfang <a href=\"https:\/\/bernhard-fiedler.at\/weblog\/?m=200910&amp;paged=2\"><strong>Oktober<\/strong><\/a> berichten: &#8222;<a href=\"https:\/\/bernhard-fiedler.at\/weblog\/?p=1891\">Lese fertig, Kellermeister auch<\/a>&#8222;. Zuvor mu\u00dften wir aber wegen\u00a0der <a href=\"https:\/\/bernhard-fiedler.at\/weblog\/?p=1874\">Star Wars<\/a> einige Tage lang <a href=\"https:\/\/bernhard-fiedler.at\/weblog\/?p=1862\">um unsere letzten Trauben zittern und bangen<\/a>, ehe es <a href=\"https:\/\/bernhard-fiedler.at\/weblog\/?p=1866\">zufriedene Gesichter<\/a> gab. Ein erste Bestandsaufnahme des neuen Jahrgangs ergab <a href=\"https:\/\/bernhard-fiedler.at\/weblog\/?p=1913\">viel Platz im Keller<\/a>, aber auch die positive Einsch\u00e4tzung &#8222;<a href=\"https:\/\/bernhard-fiedler.at\/weblog\/?p=1904\">Bislang unproblematisch<\/a>&#8222;.<\/p>\n<p>Bei einem Blaufr\u00e4nkisch mu\u00dfte ich diese Meinung im <a href=\"https:\/\/bernhard-fiedler.at\/weblog\/?m=200911&amp;paged=2\"><strong>November<\/strong><\/a> etwas revidieren, zeigte er sich doch &#8222;<a href=\"https:\/\/bernhard-fiedler.at\/weblog\/?p=1962\">(Noch?) nicht ganz den Erwartungen entsprechend<\/a>&#8222;. Mittlerweile habe ich \u00fcbrigens daf\u00fcr auch ein paar Erkl\u00e4rungsans\u00e4tze, die mich durchaus zuversichtlich stimmen. Passend zur Jahreszeit habe ich au\u00dferdem den Beitrag &#8222;<a href=\"https:\/\/bernhard-fiedler.at\/weblog\/?p=373\">Was macht der Kellermeister eigentlich nach der Weinlese?<\/a>&#8220; aus dem Archiv des Jahres 2007 <a href=\"https:\/\/bernhard-fiedler.at\/weblog\/?p=1996\">ausgegraben<\/a>.<\/p>\n<p>\u00a0Anfang <a href=\"https:\/\/bernhard-fiedler.at\/weblog\/?m=200912&amp;paged=2\"><strong>Dezember<\/strong><\/a> gab es eine unerfreuliche Nachricht zu vermelden: &#8222;<a href=\"https:\/\/bernhard-fiedler.at\/weblog\/?p=2046\">Flavescence dor\u00e9e erreicht die Steiermark<\/a>&#8220; hie\u00df es auch in meinem Blog. Anschlie\u00dfend berichtete ich unter anderem dar\u00fcber, dass unser jungen Reben am Goldberg nach dem Anh\u00e4ufeln mit Erde <a href=\"https:\/\/bernhard-fiedler.at\/weblog\/?p=2064\">fertig f\u00fcr den Winter<\/a>\u00a0sind. Dominiert hat den Dezember aber mein gescheiterter Versuch eine Antwort auf die Frage zu finden, <a href=\"https:\/\/bernhard-fiedler.at\/weblog\/?p=2101\">was ein Weinblog eigentlich ist<\/a>.<\/p>\n<p>Dieser Beitrag bescherte mir nicht nur einen kurzfristigen Besucherrekord knapp \u00fcber dem Niveau der Weinlesezeit, sondern auch Verlinkungen, <a href=\"https:\/\/bernhard-fiedler.at\/weblog\/?p=2119\">mit denen ich in dieser Form nicht einverstanden war<\/a> und <a href=\"https:\/\/bernhard-fiedler.at\/weblog\/?p=2127\">gegen die ich mich deshalb auch (erfolgreich) gewehrt habe<\/a>. Am Ende kam ich damit sogar ins Radio, und aus der ganzen Aufmerksamkeit mu\u00dfte ich schlie\u00dfen, dass es f\u00fcr gar nicht so wenige Leute interessant ist, <a href=\"https:\/\/bernhard-fiedler.at\/weblog\/?p=2139\">wenn Blogger \u00fcbers Bloggen bloggen<\/a>.<\/p>\n<p>Trotzdem werde ich auch 2010 vorwiegend \u00fcber das Thema Wein schreiben und betrachte den heurigen Dezember als jene Ausnahme, die die Regel best\u00e4tigt. Mal sehen, was mir n\u00e4chstes Jahr so alles einf\u00e4llt.<\/p>\n<p>Ich w\u00fcnsche allen Blog-Lesern einen guten Rutsch ins neue Jahr!<\/p>\n<p>Bernhard Fiedler<\/p>\n","protected":false},"excerpt":{"rendered":"<p>Wie ich beim Verfassen dieses R\u00fcckblicks im Vorjahr festgestellt habe, hat das Durchforsten meiner alten Beitr\u00e4ge auch f\u00fcr mich einen gewissen Reiz. Grund genug, die gem\u00fctlichen Tage zwischen Weihnachten und Neujahr f\u00fcr eine Art &#8222;Best of&#8220; zu n\u00fctzen, anstatt die grauen Zellen f\u00fcr neue Beitr\u00e4ge zu strapazieren. W\u00e4hrend im Moment kein Ende des Weihnachtstauwetters abzusehen &#8230; <a title=\"Das war mein Blog-Jahr 2009\" class=\"read-more\" href=\"https:\/\/bernhard-fiedler.at\/weblog\/?p=2185\" aria-label=\"Mehr Informationen \u00fcber Das war mein Blog-Jahr 2009\">Weiterlesen<\/a><\/p>\n","protected":false},"author":2,"featured_media":0,"comment_status":"open","ping_status":"open","sticky":false,"template":"","format":"standard","meta":{"footnotes":""},"categories":[1],"tags":[],"class_list":["post-2185","post","type-post","status-publish","format-standard","hentry","category-allgemein"],"_links":{"self":[{"href":"https:\/\/bernhard-fiedler.at\/weblog\/index.php?rest_route=\/wp\/v2\/posts\/2185","targetHints":{"allow":["GET"]}}],"collection":[{"href":"https:\/\/bernhard-fiedler.at\/weblog\/index.php?rest_route=\/wp\/v2\/posts"}],"about":[{"href":"https:\/\/bernhard-fiedler.at\/weblog\/index.php?rest_route=\/wp\/v2\/types\/post"}],"author":[{"embeddable":true,"href":"https:\/\/bernhard-fiedler.at\/weblog\/index.php?rest_route=\/wp\/v2\/users\/2"}],"replies":[{"embeddable":true,"href":"https:\/\/bernhard-fiedler.at\/weblog\/index.php?rest_route=%2Fwp%2Fv2%2Fcomments&post=2185"}],"version-history":[{"count":14,"href":"https:\/\/bernhard-fiedler.at\/weblog\/index.php?rest_route=\/wp\/v2\/posts\/2185\/revisions"}],"predecessor-version":[{"id":2209,"href":"https:\/\/bernhard-fiedler.at\/weblog\/index.php?rest_route=\/wp\/v2\/posts\/2185\/revisions\/2209"}],"wp:attachment":[{"href":"https:\/\/bernhard-fiedler.at\/weblog\/index.php?rest_route=%2Fwp%2Fv2%2Fmedia&parent=2185"}],"wp:term":[{"taxonomy":"category","embeddable":true,"href":"https:\/\/bernhard-fiedler.at\/weblog\/index.php?rest_route=%2Fwp%2Fv2%2Fcategories&post=2185"},{"taxonomy":"post_tag","embeddable":true,"href":"https:\/\/bernhard-fiedler.at\/weblog\/index.php?rest_route=%2Fwp%2Fv2%2Ftags&post=2185"}],"curies":[{"name":"wp","href":"https:\/\/api.w.org\/{rel}","templated":true}]}}